{"id":4019,"date":"2026-02-12T12:18:55","date_gmt":"2026-02-12T15:18:55","guid":{"rendered":"https:\/\/isfd106-bue.infd.edu.ar\/sitio\/?p=4019"},"modified":"2026-02-12T17:36:26","modified_gmt":"2026-02-12T20:36:26","slug":"asueto-por-duelo","status":"publish","type":"post","link":"https:\/\/isfd106-bue.infd.edu.ar\/sitio\/asueto-por-duelo\/","title":{"rendered":"Asueto por duelo"},"content":{"rendered":"\n<p>Estimados alumnos, con profundo dolor les informamos el fallecimiento de la querida Directora de la EES 49 Liliana Chaar.&nbsp; Por tal motivo, el d\u00eda viernes 13\/02 la instituci\u00f3n estar\u00e1 cerrada por duelo.<\/p>\n\n\n\n<p>A quienes quieran despedirla, el cortejo pasar\u00e1 por la puerta de la escuela el dia 13\/02 a las 13:15 horas.<\/p>\n\n\n\n<p>La actividad del dia de hoy queda restringida. En caso de consultas, remitirse a los preceptores de la carrera por el campus.<\/p>\n\n\n\n<p>Saludos<\/p>\n","protected":false},"excerpt":{"rendered":"<p>Estimados alumnos, con profundo dolor les informamos el fallecimiento de la querida Directora de la EES 49 Liliana Chaar.&nbsp; Por tal motivo, el d\u00eda viernes 13\/02 la instituci\u00f3n estar\u00e1 cerrada por duelo. A quienes quieran despedirla, el cortejo pasar\u00e1 por la puerta de la escuela el dia 13\/02 a las 13:15 horas. La actividad del &#8230; <a title=\"Asueto por duelo\" class=\"read-more\" href=\"https:\/\/isfd106-bue.infd.edu.ar\/sitio\/asueto-por-duelo\/\" aria-label=\"More on Asueto por duelo\">[+]<\/a><\/p>\n","protected":false},"author":589,"featured_media":0,"comment_status":"open","ping_status":"open","sticky":false,"template":"","format":"standard","meta":[],"categories":[6],"tags":[],"acf":[],"_links":{"self":[{"href":"https:\/\/isfd106-bue.infd.edu.ar\/sitio\/wp-json\/wp\/v2\/posts\/4019"}],"collection":[{"href":"https:\/\/isfd106-bue.infd.edu.ar\/sitio\/wp-json\/wp\/v2\/posts"}],"about":[{"href":"https:\/\/isfd106-bue.infd.edu.ar\/sitio\/wp-json\/wp\/v2\/types\/post"}],"author":[{"embeddable":true,"href":"https:\/\/isfd106-bue.infd.edu.ar\/sitio\/wp-json\/wp\/v2\/users\/589"}],"replies":[{"embeddable":true,"href":"https:\/\/isfd106-bue.infd.edu.ar\/sitio\/wp-json\/wp\/v2\/comments?post=4019"}],"version-history":[{"count":2,"href":"https:\/\/isfd106-bue.infd.edu.ar\/sitio\/wp-json\/wp\/v2\/posts\/4019\/revisions"}],"predecessor-version":[{"id":4021,"href":"https:\/\/isfd106-bue.infd.edu.ar\/sitio\/wp-json\/wp\/v2\/posts\/4019\/revisions\/4021"}],"wp:attachment":[{"href":"https:\/\/isfd106-bue.infd.edu.ar\/sitio\/wp-json\/wp\/v2\/media?parent=4019"}],"wp:term":[{"taxonomy":"category","embeddable":true,"href":"https:\/\/isfd106-bue.infd.edu.ar\/sitio\/wp-json\/wp\/v2\/categories?post=4019"},{"taxonomy":"post_tag","embeddable":true,"href":"https:\/\/isfd106-bue.infd.edu.ar\/sitio\/wp-json\/wp\/v2\/tags?post=4019"}],"curies":[{"name":"wp","href":"https:\/\/api.w.org\/{rel}","templated":true}]}}