{"id":3862,"date":"2024-05-27T18:33:03","date_gmt":"2024-05-27T21:33:03","guid":{"rendered":"https:\/\/isfd106-bue.infd.edu.ar\/sitio\/?p=3862"},"modified":"2024-05-27T18:33:05","modified_gmt":"2024-05-27T21:33:05","slug":"recordatorio-asamblea-anual-de-cooperadora","status":"publish","type":"post","link":"https:\/\/isfd106-bue.infd.edu.ar\/sitio\/recordatorio-asamblea-anual-de-cooperadora\/","title":{"rendered":"RECORDATORIO ASAMBLEA ANUAL DE COOPERADORA"},"content":{"rendered":"\n<p><strong>ASOCIACI\u00d3N COOPERADORA E.N.S.A.<br><\/strong><strong>&nbsp;<u>CONVOCATORIA A ASAMBLEA&nbsp; ANUAL ORDINARIA<\/u><\/strong>&nbsp; &nbsp; &nbsp; &nbsp; &nbsp; &nbsp; &nbsp; &nbsp; &nbsp; &nbsp; &nbsp; &nbsp; &nbsp; &nbsp; &nbsp; &nbsp; &nbsp; &nbsp; &nbsp; &nbsp; &nbsp; &nbsp; &nbsp; &nbsp; &nbsp; &nbsp; &nbsp; &nbsp; &nbsp; &nbsp; &nbsp; &nbsp; &nbsp; &nbsp; &nbsp; &nbsp; &nbsp; &nbsp; &nbsp; &nbsp; &nbsp; &nbsp; &nbsp; &nbsp; &nbsp; &nbsp; &nbsp; &nbsp; &nbsp; &nbsp; &nbsp; &nbsp; &nbsp; &nbsp; &nbsp; &nbsp; &nbsp; &nbsp; &nbsp; &nbsp; &nbsp; &nbsp; &nbsp; &nbsp; &nbsp; &nbsp; &nbsp; &nbsp; &nbsp; &nbsp; &nbsp; &nbsp; &nbsp; &nbsp; &nbsp; &nbsp; &nbsp; &nbsp; &nbsp; &nbsp; &nbsp; &nbsp; &nbsp; &nbsp; &nbsp; &nbsp; &nbsp; &nbsp; &nbsp; &nbsp; &nbsp; &nbsp; &nbsp; &nbsp; &nbsp; &nbsp; &nbsp; &nbsp; &nbsp; &nbsp; &nbsp; &nbsp; &nbsp; &nbsp; &nbsp; &nbsp; &nbsp; &nbsp; &nbsp; &nbsp; &nbsp; &nbsp; &nbsp; &nbsp; &nbsp; &nbsp; &nbsp; &nbsp; &nbsp; &nbsp; &nbsp; &nbsp; &nbsp; &nbsp; &nbsp; &nbsp; &nbsp; &nbsp; &nbsp; San Justo,27 de MAYO del 2024.<\/p>\n\n\n\n<p>Sres. Padres\/Sres. Socios:<\/p>\n\n\n\n<p>La comisi\u00f3n directiva de la Asociaci\u00f3n Cooperadora de la Escuela Normal Superior Almafuerte, convoca a Uds. a la ASAMBLEA ANUAL ORDINARIA A REALIZARSE EN FORMA PRESENCIAL que se llevar\u00e1 a cabo el d\u00eda <strong><u>MIERCOLES 29 DE MAYO DEL 2024 A LAS 15:00 HS. en las instalaciones de la escuela. En caso de no estar presentes la mitad m\u00e1s uno de los socios activos se dar\u00e1 comienzo una hora despu\u00e9s.<\/u><\/strong> Se tratar\u00e1 el siguiente <strong><em><u>orden del d\u00eda<\/u><\/em><\/strong>:<\/p>\n\n\n\n<ol>\n<li>Designaci\u00f3n de un socio para presidir la asamblea.<\/li>\n\n\n\n<li>Designaci\u00f3n de&nbsp; dos socios para firmar el acta, conjuntamente con el presidente y secretario.<\/li>\n\n\n\n<li>Lectura del acta de la asamblea anterior.<\/li>\n\n\n\n<li>Lectura del informe de los revisores de cuenta sobre el balance.<\/li>\n\n\n\n<li>Lectura de la memoria y consideraci\u00f3n del balance.<\/li>\n\n\n\n<li>Elecci\u00f3n de autoridades de la comisi\u00f3n directiva y la comisi\u00f3n revisora de cuentas.<\/li>\n\n\n\n<li>Fijaci\u00f3n del monto de la cuota societaria.<\/li>\n\n\n\n<li>Fijaci\u00f3n del monto de caja chica.<\/li>\n<\/ol>\n\n\n\n<p><strong><em><u>Cargos a elegir:<\/u><\/em><\/strong><\/p>\n\n\n\n<p><strong><em><u>Hasta el mes de mayo de 2025:<\/u><\/em><\/strong><\/p>\n\n\n\n<p>*Revisor de cuentas titular. &nbsp;&nbsp;&nbsp;&nbsp;&nbsp;&nbsp;&nbsp;&nbsp;&nbsp;&nbsp; &nbsp;&nbsp;&nbsp;&nbsp;&nbsp;&nbsp;&nbsp;&nbsp;&nbsp;&nbsp;&nbsp;&nbsp;&nbsp;&nbsp;&nbsp;<br>&nbsp;*Revisor de cuentas suplente.&nbsp;&nbsp;&nbsp;&nbsp;&nbsp;&nbsp;&nbsp;&nbsp;&nbsp;&nbsp;&nbsp;&nbsp;&nbsp;&nbsp;&nbsp;&nbsp;&nbsp;&nbsp;&nbsp;&nbsp;&nbsp;&nbsp;&nbsp;&nbsp;&nbsp;&nbsp;&nbsp;&nbsp;&nbsp;&nbsp;&nbsp;&nbsp;&nbsp;&nbsp;<br>*Revisor de cuentas docente.<\/p>\n\n\n\n<p><strong><em><u>Hasta el mes de mayo de 2026:<\/u><\/em><\/strong><\/p>\n\n\n\n<p>*Segundo vocal titular.&nbsp;&nbsp;&nbsp;&nbsp;&nbsp; &nbsp;&nbsp;&nbsp;&nbsp;&nbsp;&nbsp;&nbsp;<br>*Tercer vocal titular.&nbsp; &nbsp; &nbsp; &nbsp; &nbsp; &nbsp; &nbsp; &nbsp;<br>*Primer vocal suplente.&nbsp;&nbsp;&nbsp; &nbsp;&nbsp;&nbsp;&nbsp;&nbsp;&nbsp;&nbsp;&nbsp;&nbsp;&nbsp;&nbsp;&nbsp;&nbsp;&nbsp;&nbsp;&nbsp;&nbsp;&nbsp;&nbsp;&nbsp;&nbsp;&nbsp;&nbsp; &nbsp;<br>*Segundo vocal suplente.<\/p>\n\n\n\n<p><strong><u>Ante cualquier consulta pueden enviar un correo electr\u00f3nico a la casilla: <\/u><\/strong><a href=\"mailto:cooperadoraensa@gmail.com\"><strong>cooperadoraensa@gmail.com<\/strong><\/a><\/p>\n\n\n\n<p>Su participaci\u00f3n es esencial para la realizaci\u00f3n de la asamblea y de esta manera seguir trabajando por el bienestar de la comunidad educativa.<\/p>\n\n\n\n<p>&nbsp;&nbsp;&nbsp;&nbsp;&nbsp;&nbsp;&nbsp;&nbsp;&nbsp;&nbsp;&nbsp;&nbsp;&nbsp; Esperando contar con su presencia, los saludamos atentamente.&nbsp;&nbsp;&nbsp;&nbsp;&nbsp;&nbsp;&nbsp;<\/p>\n\n\n\n<p><strong>&nbsp; &nbsp; &nbsp; &nbsp; &nbsp; &nbsp; &nbsp; &nbsp; &nbsp; &nbsp; &nbsp; &nbsp; &nbsp; &nbsp; &nbsp; &nbsp; &nbsp; &nbsp; &nbsp; &nbsp; &nbsp; &nbsp; &nbsp; &nbsp; &nbsp; &nbsp; &nbsp; &nbsp; &nbsp; &nbsp; &nbsp; &nbsp; &nbsp; &nbsp; Asociaci\u00f3n Cooperadora ENSA&nbsp;<\/strong><\/p>\n","protected":false},"excerpt":{"rendered":"<p>ASOCIACI\u00d3N COOPERADORA E.N.S.A.&nbsp;CONVOCATORIA A ASAMBLEA&nbsp; ANUAL ORDINARIA&nbsp; &nbsp; &nbsp; &nbsp; &nbsp; &nbsp; &nbsp; &nbsp; &nbsp; &nbsp; &nbsp; &nbsp; &nbsp; &nbsp; &nbsp; &nbsp; &nbsp; &nbsp; &nbsp; &nbsp; &nbsp; &nbsp; &nbsp; &nbsp; &nbsp; &nbsp; &nbsp; &nbsp; &nbsp; &nbsp; &nbsp; &nbsp; &nbsp; &nbsp; &nbsp; &nbsp; &nbsp; &nbsp; &nbsp; &nbsp; &nbsp; &nbsp; &nbsp; &nbsp; &nbsp; &nbsp; &nbsp; &nbsp; &nbsp; &#8230; <a title=\"RECORDATORIO ASAMBLEA ANUAL DE COOPERADORA\" class=\"read-more\" href=\"https:\/\/isfd106-bue.infd.edu.ar\/sitio\/recordatorio-asamblea-anual-de-cooperadora\/\" aria-label=\"More on RECORDATORIO ASAMBLEA ANUAL DE COOPERADORA\">[+]<\/a><\/p>\n","protected":false},"author":588,"featured_media":0,"comment_status":"open","ping_status":"open","sticky":false,"template":"","format":"standard","meta":[],"categories":[7,1,6],"tags":[],"acf":[],"_links":{"self":[{"href":"https:\/\/isfd106-bue.infd.edu.ar\/sitio\/wp-json\/wp\/v2\/posts\/3862"}],"collection":[{"href":"https:\/\/isfd106-bue.infd.edu.ar\/sitio\/wp-json\/wp\/v2\/posts"}],"about":[{"href":"https:\/\/isfd106-bue.infd.edu.ar\/sitio\/wp-json\/wp\/v2\/types\/post"}],"author":[{"embeddable":true,"href":"https:\/\/isfd106-bue.infd.edu.ar\/sitio\/wp-json\/wp\/v2\/users\/588"}],"replies":[{"embeddable":true,"href":"https:\/\/isfd106-bue.infd.edu.ar\/sitio\/wp-json\/wp\/v2\/comments?post=3862"}],"version-history":[{"count":1,"href":"https:\/\/isfd106-bue.infd.edu.ar\/sitio\/wp-json\/wp\/v2\/posts\/3862\/revisions"}],"predecessor-version":[{"id":3863,"href":"https:\/\/isfd106-bue.infd.edu.ar\/sitio\/wp-json\/wp\/v2\/posts\/3862\/revisions\/3863"}],"wp:attachment":[{"href":"https:\/\/isfd106-bue.infd.edu.ar\/sitio\/wp-json\/wp\/v2\/media?parent=3862"}],"wp:term":[{"taxonomy":"category","embeddable":true,"href":"https:\/\/isfd106-bue.infd.edu.ar\/sitio\/wp-json\/wp\/v2\/categories?post=3862"},{"taxonomy":"post_tag","embeddable":true,"href":"https:\/\/isfd106-bue.infd.edu.ar\/sitio\/wp-json\/wp\/v2\/tags?post=3862"}],"curies":[{"name":"wp","href":"https:\/\/api.w.org\/{rel}","templated":true}]}}