{"id":3835,"date":"2024-02-28T11:57:48","date_gmt":"2024-02-28T14:57:48","guid":{"rendered":"https:\/\/isfd106-bue.infd.edu.ar\/sitio\/?p=3835"},"modified":"2024-02-28T11:57:50","modified_gmt":"2024-02-28T14:57:50","slug":"boleto-especial-educativo-bee","status":"publish","type":"post","link":"https:\/\/isfd106-bue.infd.edu.ar\/sitio\/boleto-especial-educativo-bee\/","title":{"rendered":"Boleto Especial Educativo (BEE)"},"content":{"rendered":"\n<p><img decoding=\"async\" src=\"https:\/\/isfd106-bue.infd.edu.ar\/static\/14.05.00-111\/lib\/javascript\/tinymce\/jscripts\/tiny_mce\/plugins\/emoticons\/img\/smiley-pointingright.png\" alt=\"pointingright\"><strong>Informaci\u00f3n&nbsp;referida al Boleto Estudiantil del sistema SUBE<\/strong><\/p>\n\n\n\n<p><strong>La Plata, 27 de febrero 2024<\/strong><\/p>\n\n\n\n<p>A las Jefaturas Regionales de Gesti\u00f3n Estatal y Gesti\u00f3n Privada- Regiones 1 a 25 A las Jefaturas Distritales de Gesti\u00f3n Estatal.<br>A las y los inspectores de Nivel Superior, de la modalidad de Educaci\u00f3n T\u00e9cnico Profesional y de la modalidad de Educaci\u00f3n Art\u00edstica.<br>A los equipos directivos de instituciones de formaci\u00f3n superior docente, t\u00e9cnica y art\u00edstica, de gesti\u00f3n estatal y gesti\u00f3n privada con aporte estatal.<br>A las y los estudiantes de Formaci\u00f3n Superior Docente, T\u00e9cnica y Art\u00edstica<\/p>\n\n\n\n<p class=\"has-text-align-center\"><strong>Comunicaci\u00f3n Conjunta<\/strong><\/p>\n\n\n\n<p class=\"has-text-align-center\"><strong>Direcci\u00f3n General de Cultura y Educaci\u00f3n y Ministerio de Transporte<\/strong><\/p>\n\n\n\n<p><strong>BOLETO ESPECIAL EDUCATIVO<\/strong><\/p>\n\n\n\n<p><strong>Para estudiantes de instituciones de Formaci\u00f3n Superior Docente, T\u00e9cnica y Art\u00edstica de la Provincia de Buenos Aires<\/strong><\/p>\n\n\n\n<p>Por medio de la presente se comunica que <strong>se encuentra disponible la inscripci\u00f3n al Boleto Especial Educativo <\/strong>(BEE) para <strong>estudiantes de nivel superior <\/strong>de establecimientos educativos de gesti\u00f3n estatal y de gesti\u00f3n privada con aporte estatal, de Formaci\u00f3n Docente, T\u00e9cnica y Art\u00edstica, en el marco de la instrumentaci\u00f3n del derecho reconocido por la Ley Provincial N\u00b0 14.735 de 2015.<\/p>\n\n\n\n<p>Las&nbsp;&nbsp;&nbsp;&nbsp;&nbsp;&nbsp;&nbsp;&nbsp;&nbsp;&nbsp; y&nbsp;&nbsp;&nbsp;&nbsp;&nbsp;&nbsp;&nbsp;&nbsp;&nbsp; los&nbsp;&nbsp;&nbsp;&nbsp;&nbsp;&nbsp;&nbsp;&nbsp;&nbsp;&nbsp; estudiantes&nbsp;&nbsp;&nbsp;&nbsp;&nbsp;&nbsp;&nbsp;&nbsp;&nbsp;&nbsp;&nbsp; interesados&nbsp;&nbsp;&nbsp;&nbsp;&nbsp;&nbsp;&nbsp;&nbsp;&nbsp;&nbsp;&nbsp; deber\u00e1n&nbsp;&nbsp;&nbsp;&nbsp;&nbsp;&nbsp;&nbsp;&nbsp;&nbsp;&nbsp; ingresar&nbsp;&nbsp;&nbsp;&nbsp;&nbsp;&nbsp;&nbsp;&nbsp;&nbsp;&nbsp;&nbsp; a: <a rel=\"noreferrer noopener\" href=\"https:\/\/www.gba.gob.ar\/transporte\/boleto\" target=\"_blank\"><strong><u>https:\/\/www.gba.gob.ar\/transporte\/boleto<\/u><\/strong><\/a>, donde se informan los pasos a seguir para completar el proceso de inscripci\u00f3n.<\/p>\n\n\n\n<p>Se recuerda que la <strong>validaci\u00f3n de la condici\u00f3n de estudiante regular <\/strong>ser\u00e1 veri\ufb01cada autom\u00e1ticamente mediante la consulta con la plataforma nominal \u201c<strong>Mis Estudiantes<\/strong>\u201d de la DGCyE. Por tanto, para acceder al BEE, las y los estudiantes deben haber sido inscriptas\/os en \u201cMis Estudiantes\u201d por la instituci\u00f3n educativa a la que asisten.<\/p>\n\n\n\n<p>Quienes <strong>se inscriban al BEE hasta el 16 de marzo, <\/strong>recibir\u00e1n la acreditaci\u00f3n del monto en su tarjeta SUBE a <strong>principios de abril<\/strong>. Quienes soliciten el BEE con posterioridad a esa fecha recibir\u00e1n la acreditaci\u00f3n del monto en los meses subsiguientes.<\/p>\n\n\n\n<p>Quienes ya <strong>se inscribieron al BEE en 2023, <u>no<\/u> deben volver a inscribirse<\/strong>. Autom\u00e1ticamente recibir\u00e1n el bene\ufb01cio a partir de marzo, siempre que \ufb01guren como matr\u00edcula activa en \u201cMis Estudiantes\u201d en la instituci\u00f3n educativa a la que asisten (el bene\ufb01cio se interrumpe \u00fanicamente si est\u00e1n dados de baja en el sistema) .<\/p>\n\n\n\n<p>&nbsp;Aprovechando la oportunidad, se recuerdan algunas cuestiones importantes relativas al BEE:<\/p>\n\n\n\n<ol>\n<li>\u2192 El bene\ufb01cio se instrumenta mediante la <strong>tarjeta SUBE<\/strong>, por lo que tendr\u00e1 vigencia en los 42 municipios que forman parte del <strong>AMBA <\/strong>para la gesti\u00f3n del transporte p\u00fablico<sup>1<\/sup> y en otros <strong>19 distritos del interior <\/strong>en los que ya funciona el <strong>Sistema SUBE<sup>2<\/sup><\/strong>.<\/li>\n\n\n\n<li>\u2192 El BEE cubrir\u00e1 las actividades educativas durante los <strong>d\u00edas h\u00e1biles del ciclo lectivo<\/strong>, con un m\u00e1ximo autorizado de <strong><u>45 viajes al mes<\/u><\/strong>.<\/li>\n\n\n\n<li>\u2192 <strong>Modalidad de implementaci\u00f3n: <\/strong>a la o el estudiante adherido al BEE, al inicio de cada mes se le <strong>acreditar\u00e1 en su tarjeta SUBE <\/strong>un <strong>monto equivalente a 45 viajes<\/strong>, al valor de la <strong>tarifa plena m\u00ednima vigente de cada jurisdicci\u00f3n<\/strong>, el cual ser\u00e1 percibido una vez por mes, s\u00f3lo al pasar por una <strong>Terminal Autom\u00e1tica SUBE (TAS)<\/strong>, o mediante la utilizaci\u00f3n de un <strong>dispositivo de Conexi\u00f3n M\u00f3vil<\/strong>, de la <strong>app Carga SUBE <\/strong>o a <strong>bordo del colectiv<\/strong><\/li>\n\n\n\n<li><strong>&nbsp;<\/strong>\u2192 El BEE cuenta con un sistema de recupero del <strong>saldo mensual no utilizado, disponible dentro de los <u>60 d\u00edas<\/u> de realizada la acreditaci\u00f3n del dinero<\/strong>.<\/li>\n\n\n\n<li>\u2192 El BEE es <strong>complementario <\/strong>con otras pol\u00edticas p\u00fablicas destinadas a garantizar el acceso a la Educaci\u00f3n Superior, como las <strong>Becas Progresar<\/strong>.<\/li>\n<\/ol>\n\n\n\n<p class=\"has-text-align-right\">Saludos cordiales,<\/p>\n\n\n\n<p class=\"has-text-align-right\">Direcci\u00f3n General de Cultura y Educaci\u00f3n<\/p>\n\n\n\n<p class=\"has-text-align-right\">Ministerio de Transporte<\/p>\n\n\n\n<p class=\"is-style-plain\"><sup>1<\/sup> Almirante Brown, Avellaneda, Berazategui, Berisso, Brandsen, Campana, Ca\u00f1uelas, Ensenada, Escobar, Esteban Echeverr\u00eda, Exaltaci\u00f3n de la Cruz, Ezeiza, Florencio Varela, General Las Heras, General Rodr\u00edguez, General San Mart\u00edn, Hurlingham, Ituzaing\u00f3, Jos\u00e9 C. Paz, La Matanza, La Plata, Lan\u00fas, Lobos, Lomas de Zamora, Luj\u00e1n, Malvinas Argentinas, Marcos Paz, Mercedes, Merlo, Moreno, Mor\u00f3n, Pilar, Presidente Per\u00f3n, Quilmes, San Fernando, San Isidro, San Miguel, San Vicente, Tigre, Tres de Febrero, Vicente L\u00f3pez y Z\u00e1rate.<br><sup>2<\/sup> Arrecifes, Bah\u00eda Blanca, Balcarce, Coronel Rosales, General Pueyrred\u00f3n, Jun\u00edn, La Costa, Necochea, Olavarr\u00eda, Pergamino, Pinamar, Punta Indio, San Nicol\u00e1s, San Pedro, Tandil, Villa Gesell, <strong>Azul, Chivilcoy y Tornquist<\/strong>, estos \u00faltimos tres, <strong>incorporados recientemente al Sistema SUBE<\/strong>.<\/p>\n","protected":false},"excerpt":{"rendered":"<p>Informaci\u00f3n&nbsp;referida al Boleto Estudiantil del sistema SUBE La Plata, 27 de febrero 2024 A las Jefaturas Regionales de Gesti\u00f3n Estatal y Gesti\u00f3n Privada- Regiones 1 a 25 A las Jefaturas Distritales de Gesti\u00f3n Estatal.A las y los inspectores de Nivel Superior, de la modalidad de Educaci\u00f3n T\u00e9cnico Profesional y de la modalidad de Educaci\u00f3n Art\u00edstica.A &#8230; <a title=\"Boleto Especial Educativo (BEE)\" class=\"read-more\" href=\"https:\/\/isfd106-bue.infd.edu.ar\/sitio\/boleto-especial-educativo-bee\/\" aria-label=\"More on Boleto Especial Educativo (BEE)\">[+]<\/a><\/p>\n","protected":false},"author":588,"featured_media":0,"comment_status":"open","ping_status":"open","sticky":false,"template":"","format":"standard","meta":[],"categories":[1,6],"tags":[],"acf":[],"_links":{"self":[{"href":"https:\/\/isfd106-bue.infd.edu.ar\/sitio\/wp-json\/wp\/v2\/posts\/3835"}],"collection":[{"href":"https:\/\/isfd106-bue.infd.edu.ar\/sitio\/wp-json\/wp\/v2\/posts"}],"about":[{"href":"https:\/\/isfd106-bue.infd.edu.ar\/sitio\/wp-json\/wp\/v2\/types\/post"}],"author":[{"embeddable":true,"href":"https:\/\/isfd106-bue.infd.edu.ar\/sitio\/wp-json\/wp\/v2\/users\/588"}],"replies":[{"embeddable":true,"href":"https:\/\/isfd106-bue.infd.edu.ar\/sitio\/wp-json\/wp\/v2\/comments?post=3835"}],"version-history":[{"count":1,"href":"https:\/\/isfd106-bue.infd.edu.ar\/sitio\/wp-json\/wp\/v2\/posts\/3835\/revisions"}],"predecessor-version":[{"id":3836,"href":"https:\/\/isfd106-bue.infd.edu.ar\/sitio\/wp-json\/wp\/v2\/posts\/3835\/revisions\/3836"}],"wp:attachment":[{"href":"https:\/\/isfd106-bue.infd.edu.ar\/sitio\/wp-json\/wp\/v2\/media?parent=3835"}],"wp:term":[{"taxonomy":"category","embeddable":true,"href":"https:\/\/isfd106-bue.infd.edu.ar\/sitio\/wp-json\/wp\/v2\/categories?post=3835"},{"taxonomy":"post_tag","embeddable":true,"href":"https:\/\/isfd106-bue.infd.edu.ar\/sitio\/wp-json\/wp\/v2\/tags?post=3835"}],"curies":[{"name":"wp","href":"https:\/\/api.w.org\/{rel}","templated":true}]}}