{"id":3592,"date":"2023-09-12T09:47:34","date_gmt":"2023-09-12T12:47:34","guid":{"rendered":"https:\/\/isfd106-bue.infd.edu.ar\/sitio\/?p=3592"},"modified":"2023-09-12T09:47:35","modified_gmt":"2023-09-12T12:47:35","slug":"semana-de-la-memoria-a-40-anos-de-democracia-escuela-identidad-y-democracia","status":"publish","type":"post","link":"https:\/\/isfd106-bue.infd.edu.ar\/sitio\/semana-de-la-memoria-a-40-anos-de-democracia-escuela-identidad-y-democracia\/","title":{"rendered":"SEMANA DE LA MEMORIA A 40 A\u00d1OS DE DEMOCRACIA \u201cESCUELA, IDENTIDAD Y DEMOCRACIA\u201d"},"content":{"rendered":"\n<p><strong>Objetivos<\/strong><\/p>\n\n\n\n<p>En el marco de los 40 a\u00f1os de democracia ininterrumpida, nos parece fundamental generar un espacio de encuentro entre todos los actores de la comunidad educativa para reflexionar y fortalecer la democracia.<\/p>\n\n\n\n<p>Pensar en espacios de formaci\u00f3n colectiva que fomenten la memoria activa y la participaci\u00f3n estudiantil nos permitir\u00e1 no s\u00f3lo compartir experiencias sino tambi\u00e9n aportar a la construcci\u00f3n y pr\u00e1ctica de una Pedagog\u00eda de la Memoria como compromiso fundamental con el sistema democratico a ser puesto en juego transversalmente en todos los niveles y ,modalidades del sistema educativo.<\/p>\n\n\n\n<p>\u00a0<strong>Ejes<\/strong><\/p>\n\n\n\n<ol>\n<li>Memoria e identidad<\/li>\n\n\n\n<li>Participaci\u00f3n y organizaci\u00f3n<\/li>\n\n\n\n<li>Pr\u00e1cticas democr\u00e1ticas<\/li>\n<\/ol>\n\n\n\n<p><strong>Cronograma de actividades:<\/strong><\/p>\n\n\n\n<p>\u00a0<strong>Martes 12\/09<\/strong><\/p>\n\n\n\n<p><strong>Actividad: \u201cPara escuchar: Lecturas de \u201cMemoria\u201d en el recreo\u201d<\/strong><\/p>\n\n\n\n<p>&nbsp;Turno Ma\u00f1ana.&nbsp;<strong>Docente\/s a cargo:<\/strong> Monica Santillan<\/p>\n\n\n\n<p><strong>Estudiantes: 3\u00b0 2\u00b0 EP&nbsp;<\/strong><\/p>\n\n\n\n<p>\u00a0<strong>Miercoles 13\/09<\/strong><\/p>\n\n\n\n<p><strong>Actividad: Proyecci\u00f3n de spots breves sobre \u201cIdentidad en Lucha\u201d (Abuelas de Plaza de Mayo) en el auditorio o patio cubierto<\/strong><\/p>\n\n\n\n<p>Turno&nbsp; Ma\u00f1ana 9.30hs.&nbsp;&nbsp;<strong>Docente\/s a cargo:<\/strong> Monica Santillan-Gaby Zalla<\/p>\n\n\n\n<p><strong>Estudiantes: 1\u00b0 3\u00b0 EP&nbsp;<\/strong><\/p>\n\n\n\n<p>Turno&nbsp;&nbsp;Vespertino 19,30hs<\/p>\n\n\n\n<p><strong>Docente\/s a cargo:<\/strong> Tatiana Benitez-Gabriel Zalla<\/p>\n\n\n\n<p><strong>Estudiantes:<\/strong>&nbsp;4\u00b0 1\u00b0 Matem\u00e1tica&nbsp;<\/p>\n\n\n\n<p><strong>Jueves 14\/09<\/strong><\/p>\n\n\n\n<p><strong>Actividad: Pensar el derecho a la educaci\u00f3n de calidad y sin discriminaci\u00f3n en articulaci\u00f3n con el ISFD y T N\u00b0 105, regalar poes\u00edas. Patio cubierto<\/strong><\/p>\n\n\n\n<p>&nbsp;Turno Vespertino de 20-00 a 22. 00 hs .&nbsp;<strong>Docente\/s a cargo:<\/strong> Juana Gonz\u00e1lez<\/p>\n\n\n\n<p>Estudiantes: 4\u00b01 de EP&nbsp;<\/p>\n\n\n\n<p><strong>Viernes 15\/09<\/strong><\/p>\n\n\n\n<p>Actividad: Acto del 16 de septiembre \u201cD\u00eda de los derechos de lxs estudiantes secundarios\u201d<\/p>\n\n\n\n<p>-Colocaci\u00f3n de la Cer\u00e1mica por la Memoria, para marcar al ISFD 106 como \u201cLugar de Memoria\u201d (Patio Descubierto)<\/p>\n\n\n\n<p>&nbsp;Horario: Vespertino de 19.00 a 20.00 hs&nbsp;<\/p>\n\n\n\n<p><strong>Docente\/s a cargo:<\/strong> Cecilia Credidio-Tatiana Benitez-Gaby Zalla-Monica Santillan -Muriel Gerace<\/p>\n\n\n\n<p><strong>Estudiantes:<\/strong><\/p>\n\n\n\n<p>Primero Primaria TV una estudiante de 1\u00b02 compartir\u00e1 el trabajo realizado en campo de la pr\u00e1ctica docente sobre la Experiencia de observaci\u00f3n a partir de un recorrido local sobre lugares de memoria dentro y en los alrededores del instituto.<\/p>\n\n\n\n<p>Primero Primera EP, se construir\u00e1 una instalaci\u00f3n con fotograf\u00edas realizadas en el marco de las salidas educativas en campo de la pr\u00e1ctica, como una especie de caminos de memoria. Estas fotograf\u00edas estar\u00e1n dispuestas para el momento de ingreso al patio y en el patio tmb.<\/p>\n\n\n\n<p>Primero Tercera EP: performance carteles de memoria mientras las personas van llegando al lugar del acto. Quedar\u00e1n colocados en un lugar estipulado con anterioridad<\/p>\n\n\n\n<p>Tercero Segunda EP: Instalaci\u00f3n audiovisual: \u00abDesaparecidxs del Normal\u00bb : Se instalar\u00e1 un proyector que proyectar\u00e1 im\u00e1genes de los estudiantes del normal desaparecidos<\/p>\n\n\n\n<p>Con sonido de m\u00fasica y\/o narraciones.<\/p>\n\n\n\n<p>Ubicaci\u00f3n&nbsp; a confirmar (patio cubierto o descubierto)<\/p>\n\n\n\n<p><strong>Invitados\/as:<\/strong><\/p>\n\n\n\n<ul>\n<li>-Colectivo de Memoria, Verdad y Justicia del Normal de San Justo<\/li>\n\n\n\n<li>-Mesa de la Memoria de la Matanza<\/li>\n\n\n\n<li>-SUTEBA<\/li>\n\n\n\n<li>-CIPE de otros institutos<\/li>\n\n\n\n<li>-Referentes de centros de estudiantes<\/li>\n\n\n\n<li>-Subsecretaria de DDHH del Municipio de la Matanza<\/li>\n<\/ul>\n","protected":false},"excerpt":{"rendered":"<p>Objetivos En el marco de los 40 a\u00f1os de democracia ininterrumpida, nos parece fundamental generar un espacio de encuentro entre todos los actores de la comunidad educativa para reflexionar y fortalecer la democracia. Pensar en espacios de formaci\u00f3n colectiva que fomenten la memoria activa y la participaci\u00f3n estudiantil nos permitir\u00e1 no s\u00f3lo compartir experiencias sino &#8230; <a title=\"SEMANA DE LA MEMORIA A 40 A\u00d1OS DE DEMOCRACIA \u201cESCUELA, IDENTIDAD Y DEMOCRACIA\u201d\" class=\"read-more\" href=\"https:\/\/isfd106-bue.infd.edu.ar\/sitio\/semana-de-la-memoria-a-40-anos-de-democracia-escuela-identidad-y-democracia\/\" aria-label=\"More on SEMANA DE LA MEMORIA A 40 A\u00d1OS DE DEMOCRACIA \u201cESCUELA, IDENTIDAD Y DEMOCRACIA\u201d\">[+]<\/a><\/p>\n","protected":false},"author":588,"featured_media":3593,"comment_status":"open","ping_status":"open","sticky":false,"template":"","format":"standard","meta":[],"categories":[1,6],"tags":[],"acf":[],"_links":{"self":[{"href":"https:\/\/isfd106-bue.infd.edu.ar\/sitio\/wp-json\/wp\/v2\/posts\/3592"}],"collection":[{"href":"https:\/\/isfd106-bue.infd.edu.ar\/sitio\/wp-json\/wp\/v2\/posts"}],"about":[{"href":"https:\/\/isfd106-bue.infd.edu.ar\/sitio\/wp-json\/wp\/v2\/types\/post"}],"author":[{"embeddable":true,"href":"https:\/\/isfd106-bue.infd.edu.ar\/sitio\/wp-json\/wp\/v2\/users\/588"}],"replies":[{"embeddable":true,"href":"https:\/\/isfd106-bue.infd.edu.ar\/sitio\/wp-json\/wp\/v2\/comments?post=3592"}],"version-history":[{"count":1,"href":"https:\/\/isfd106-bue.infd.edu.ar\/sitio\/wp-json\/wp\/v2\/posts\/3592\/revisions"}],"predecessor-version":[{"id":3594,"href":"https:\/\/isfd106-bue.infd.edu.ar\/sitio\/wp-json\/wp\/v2\/posts\/3592\/revisions\/3594"}],"wp:featuredmedia":[{"embeddable":true,"href":"https:\/\/isfd106-bue.infd.edu.ar\/sitio\/wp-json\/wp\/v2\/media\/3593"}],"wp:attachment":[{"href":"https:\/\/isfd106-bue.infd.edu.ar\/sitio\/wp-json\/wp\/v2\/media?parent=3592"}],"wp:term":[{"taxonomy":"category","embeddable":true,"href":"https:\/\/isfd106-bue.infd.edu.ar\/sitio\/wp-json\/wp\/v2\/categories?post=3592"},{"taxonomy":"post_tag","embeddable":true,"href":"https:\/\/isfd106-bue.infd.edu.ar\/sitio\/wp-json\/wp\/v2\/tags?post=3592"}],"curies":[{"name":"wp","href":"https:\/\/api.w.org\/{rel}","templated":true}]}}