{"id":3549,"date":"2023-07-03T18:10:29","date_gmt":"2023-07-03T21:10:29","guid":{"rendered":"https:\/\/isfd106-bue.infd.edu.ar\/sitio\/?p=3549"},"modified":"2023-07-03T18:10:30","modified_gmt":"2023-07-03T21:10:30","slug":"asamblea-anual-de-cooperadora-2023","status":"publish","type":"post","link":"https:\/\/isfd106-bue.infd.edu.ar\/sitio\/asamblea-anual-de-cooperadora-2023\/","title":{"rendered":"ASAMBLEA ANUAL DE COOPERADORA 2023"},"content":{"rendered":"\n<p>Familias y socios:<\/p>\n\n\n\n<p>Los convocamos nuevamente a la Asamblea Anual Ordinaria de la Asociaci\u00f3n Cooperadora de la Escuela Normal de San Justo, al no haber podido realizarse la anterior por no contar con la cantidad necesaria de socios activos presentes.<\/p>\n\n\n\n<p><strong>Es imprescindible su presencia<\/strong>, ya que si ustedes como socios no participan, la Asociaci\u00f3n Cooperadora ver\u00e1 afectado su normal funcionamiento por lo cual cuestiones que son necesarias y dependen de la Cooperadora no podr\u00e1n realizarse.<\/p>\n\n\n\n<p>Por mencionar algunos, y consideren la importancia de su presencia, no se podr\u00e1 garantizar la continuidad del servicio de emergencia m\u00e9dica, la compra de elementos de limpieza, arreglos de luminarias, compras de medallas y diplomas de los alumnos, y dem\u00e1s.<\/p>\n\n\n\n<p>Ante la importancia de los temas a tratar, solicitamos que por lo menos asista un representante de cada curso de todos los niveles. <strong>LA ASAMBLEA ANUAL ORDINARIA SE REALIZAR\u00c1 EL PR\u00d3XIMO MIERCOLES 05 DE JULIO A LAS 17:00 HS.<\/strong><\/p>\n\n\n\n<p>En caso de no estar presentes la mitad m\u00e1s uno de los socios activos se dar\u00e1 comienzo una hora despu\u00e9s. Se tratar\u00e1 el orden del d\u00eda informado con anterioridad.<\/p>\n\n\n\n<p>Atte. Asociaci\u00f3n Cooperadora ENSA<\/p>\n","protected":false},"excerpt":{"rendered":"<p>Familias y socios: Los convocamos nuevamente a la Asamblea Anual Ordinaria de la Asociaci\u00f3n Cooperadora de la Escuela Normal de San Justo, al no haber podido realizarse la anterior por no contar con la cantidad necesaria de socios activos presentes. Es imprescindible su presencia, ya que si ustedes como socios no participan, la Asociaci\u00f3n Cooperadora &#8230; <a title=\"ASAMBLEA ANUAL DE COOPERADORA 2023\" class=\"read-more\" href=\"https:\/\/isfd106-bue.infd.edu.ar\/sitio\/asamblea-anual-de-cooperadora-2023\/\" aria-label=\"More on ASAMBLEA ANUAL DE COOPERADORA 2023\">[+]<\/a><\/p>\n","protected":false},"author":588,"featured_media":0,"comment_status":"open","ping_status":"open","sticky":false,"template":"","format":"standard","meta":[],"categories":[7,1,6],"tags":[],"acf":[],"_links":{"self":[{"href":"https:\/\/isfd106-bue.infd.edu.ar\/sitio\/wp-json\/wp\/v2\/posts\/3549"}],"collection":[{"href":"https:\/\/isfd106-bue.infd.edu.ar\/sitio\/wp-json\/wp\/v2\/posts"}],"about":[{"href":"https:\/\/isfd106-bue.infd.edu.ar\/sitio\/wp-json\/wp\/v2\/types\/post"}],"author":[{"embeddable":true,"href":"https:\/\/isfd106-bue.infd.edu.ar\/sitio\/wp-json\/wp\/v2\/users\/588"}],"replies":[{"embeddable":true,"href":"https:\/\/isfd106-bue.infd.edu.ar\/sitio\/wp-json\/wp\/v2\/comments?post=3549"}],"version-history":[{"count":1,"href":"https:\/\/isfd106-bue.infd.edu.ar\/sitio\/wp-json\/wp\/v2\/posts\/3549\/revisions"}],"predecessor-version":[{"id":3550,"href":"https:\/\/isfd106-bue.infd.edu.ar\/sitio\/wp-json\/wp\/v2\/posts\/3549\/revisions\/3550"}],"wp:attachment":[{"href":"https:\/\/isfd106-bue.infd.edu.ar\/sitio\/wp-json\/wp\/v2\/media?parent=3549"}],"wp:term":[{"taxonomy":"category","embeddable":true,"href":"https:\/\/isfd106-bue.infd.edu.ar\/sitio\/wp-json\/wp\/v2\/categories?post=3549"},{"taxonomy":"post_tag","embeddable":true,"href":"https:\/\/isfd106-bue.infd.edu.ar\/sitio\/wp-json\/wp\/v2\/tags?post=3549"}],"curies":[{"name":"wp","href":"https:\/\/api.w.org\/{rel}","templated":true}]}}