{"id":3544,"date":"2023-06-28T09:00:07","date_gmt":"2023-06-28T12:00:07","guid":{"rendered":"https:\/\/isfd106-bue.infd.edu.ar\/sitio\/?p=3544"},"modified":"2023-06-28T09:00:08","modified_gmt":"2023-06-28T12:00:08","slug":"inscripcion-a-finales-de-agosto-2023","status":"publish","type":"post","link":"https:\/\/isfd106-bue.infd.edu.ar\/sitio\/inscripcion-a-finales-de-agosto-2023\/","title":{"rendered":"INSCRIPCI\u00d3N A FINALES DE AGOSTO 2023"},"content":{"rendered":"\n<p>Buenos d\u00edas, informamos que est\u00e1 abierta la inscripci\u00f3n a mesas de finales del mes de agosto 2023. La misma permanecer\u00e1 hasta el 2 de julio a las 22.00 hs&nbsp;<\/p>\n\n\n\n<p>En la secci\u00f3n Estudiantes del sitio web encontrar\u00e1n el cronograma y los formularios de inscripci\u00f3n:<\/p>\n\n\n\n<figure class=\"wp-block-embed is-type-wp-embed is-provider-instituto-superior-de-formacion-docente-n-106-quot-almafuerte-quot wp-block-embed-instituto-superior-de-formacion-docente-n-106-quot-almafuerte-quot\"><div class=\"wp-block-embed__wrapper\">\n<blockquote class=\"wp-embedded-content\" data-secret=\"rbhmmL0To2\"><a href=\"https:\/\/isfd106-bue.infd.edu.ar\/sitio\/inscripcion-a-finales-turno-agosto-2023\/\">INSCRIPCI\u00d3N A FINALES TURNO AGOSTO 2023<\/a><\/blockquote><iframe class=\"wp-embedded-content\" sandbox=\"allow-scripts\" security=\"restricted\" style=\"position: absolute; clip: rect(1px, 1px, 1px, 1px);\" title=\"\u00abINSCRIPCI\u00d3N A FINALES TURNO AGOSTO 2023\u00bb \u2014 Instituto Superior de Formaci\u00f3n Docente N\u00b0 106 &quot;Almafuerte&quot;\" src=\"https:\/\/isfd106-bue.infd.edu.ar\/sitio\/inscripcion-a-finales-turno-agosto-2023\/embed\/#?secret=6sBvoixVjC#?secret=rbhmmL0To2\" data-secret=\"rbhmmL0To2\" width=\"600\" height=\"338\" frameborder=\"0\" marginwidth=\"0\" marginheight=\"0\" scrolling=\"no\"><\/iframe>\n<\/div><\/figure>\n\n\n\n<p>Recuerden que una vez cerrado los formularios no se agrega a m\u00e1s estudiantes en dicha inscripci\u00f3n. Por dudas o consultas dirigirse a la preceptor\u00eda de la carrera.&nbsp;&nbsp;<\/p>\n\n\n\n<p>Buena jornada,<\/p>\n\n\n\n<p>Equipo Directivo&nbsp;<\/p>\n","protected":false},"excerpt":{"rendered":"<p>Buenos d\u00edas, informamos que est\u00e1 abierta la inscripci\u00f3n a mesas de finales del mes de agosto 2023. La misma permanecer\u00e1 hasta el 2 de julio a las 22.00 hs&nbsp; En la secci\u00f3n Estudiantes del sitio web encontrar\u00e1n el cronograma y los formularios de inscripci\u00f3n: Recuerden que una vez cerrado los formularios no se agrega a &#8230; <a title=\"INSCRIPCI\u00d3N A FINALES DE AGOSTO 2023\" class=\"read-more\" href=\"https:\/\/isfd106-bue.infd.edu.ar\/sitio\/inscripcion-a-finales-de-agosto-2023\/\" aria-label=\"More on INSCRIPCI\u00d3N A FINALES DE AGOSTO 2023\">[+]<\/a><\/p>\n","protected":false},"author":588,"featured_media":0,"comment_status":"open","ping_status":"open","sticky":false,"template":"","format":"standard","meta":[],"categories":[7,1,6],"tags":[],"acf":[],"_links":{"self":[{"href":"https:\/\/isfd106-bue.infd.edu.ar\/sitio\/wp-json\/wp\/v2\/posts\/3544"}],"collection":[{"href":"https:\/\/isfd106-bue.infd.edu.ar\/sitio\/wp-json\/wp\/v2\/posts"}],"about":[{"href":"https:\/\/isfd106-bue.infd.edu.ar\/sitio\/wp-json\/wp\/v2\/types\/post"}],"author":[{"embeddable":true,"href":"https:\/\/isfd106-bue.infd.edu.ar\/sitio\/wp-json\/wp\/v2\/users\/588"}],"replies":[{"embeddable":true,"href":"https:\/\/isfd106-bue.infd.edu.ar\/sitio\/wp-json\/wp\/v2\/comments?post=3544"}],"version-history":[{"count":1,"href":"https:\/\/isfd106-bue.infd.edu.ar\/sitio\/wp-json\/wp\/v2\/posts\/3544\/revisions"}],"predecessor-version":[{"id":3545,"href":"https:\/\/isfd106-bue.infd.edu.ar\/sitio\/wp-json\/wp\/v2\/posts\/3544\/revisions\/3545"}],"wp:attachment":[{"href":"https:\/\/isfd106-bue.infd.edu.ar\/sitio\/wp-json\/wp\/v2\/media?parent=3544"}],"wp:term":[{"taxonomy":"category","embeddable":true,"href":"https:\/\/isfd106-bue.infd.edu.ar\/sitio\/wp-json\/wp\/v2\/categories?post=3544"},{"taxonomy":"post_tag","embeddable":true,"href":"https:\/\/isfd106-bue.infd.edu.ar\/sitio\/wp-json\/wp\/v2\/tags?post=3544"}],"curies":[{"name":"wp","href":"https:\/\/api.w.org\/{rel}","templated":true}]}}