{"id":3498,"date":"2023-04-11T09:46:10","date_gmt":"2023-04-11T12:46:10","guid":{"rendered":"https:\/\/isfd106-bue.infd.edu.ar\/sitio\/?p=3498"},"modified":"2023-04-11T10:07:04","modified_gmt":"2023-04-11T13:07:04","slug":"cursos-del-instituto-nacional-de-formacion-docente-para-estudiantes","status":"publish","type":"post","link":"https:\/\/isfd106-bue.infd.edu.ar\/sitio\/cursos-del-instituto-nacional-de-formacion-docente-para-estudiantes\/","title":{"rendered":"Cursos del Instituto Nacional de Formaci\u00f3n Docente para estudiantes"},"content":{"rendered":"\n<p>Buenos d\u00edas a todos!<\/p>\n\n\n\n<p>Les informamos que del <strong>10 al 21 de abril<\/strong> est\u00e1 abierta la inscripci\u00f3n para esta propuesta del Programa Nacional de Formaci\u00f3n Permanente Nuestra Escuela. Est\u00e1 destinada a estudiantes del nivel superior y se trata de tres <strong>cursos gratuitos de modalidad virtual<\/strong>, con una duraci\u00f3n de 5 semanas y una carga horaria de 25 horas. La cursada contar\u00e1 con tres encuentros virtuales sincr\u00f3nicos y clases asincr\u00f3nicas.<\/p>\n\n\n\n<p>Los cursos son:<\/p>\n\n\n\n<p><strong>Construcci\u00f3n de la ciudadan\u00eda digital: el rol de la escuela en la prevenci\u00f3n del grooming<\/strong><\/p>\n\n\n\n<p>Los encuentros virtuales ser\u00e1n los d\u00edas:<\/p>\n\n\n\n<ul>\n<li>25 de abril a las 16 hs: Ciudadan\u00eda, identidad y huella digital. La inclusi\u00f3n digital como derecho<\/li>\n\n\n\n<li>2 de mayo a las 16 hs: V\u00ednculo en entornos digitales, riesgos en la WEB. La ESI como herramienta de prevenci\u00f3n<\/li>\n\n\n\n<li>9 de mayo a las 16 hs: \u00bfQu\u00e9 es el grooming? El rol de la escuela en la prevenci\u00f3n del grooming<\/li>\n<\/ul>\n\n\n\n<p>Para m\u00e1s informaci\u00f3n e inscripciones, pod\u00e9s ingresar aqu\u00ed.<\/p>\n\n\n\n<p><a rel=\"noreferrer noopener\" href=\"https:\/\/aulastic.infd.edu.ar\/catalogo.cgi?wAccion=oferta_view&amp;oferta_id=395\" target=\"_blank\">EFD: Construcci\u00f3n de la ciudadan\u00eda digital. El rol de la escuela en la prevenci\u00f3n del grooming<\/a><\/p>\n\n\n\n<p><strong>Educaci\u00f3n Ambiental Integral: construyendo una perspectiva<\/strong><\/p>\n\n\n\n<p>Los encuentros virtuales ser\u00e1n los d\u00edas:<\/p>\n\n\n\n<ul>\n<li>26 de abril a las 16 hs: La Educaci\u00f3n Ambiental Integral como pol\u00edtica p\u00fablica<\/li>\n\n\n\n<li>3 de mayo a las 16 hs: La construcci\u00f3n de una mirada para entender la cuesti\u00f3n ambiental<\/li>\n\n\n\n<li>10 de mayo a las 16 hs: Claves para pensar las pr\u00e1cticas de Educaci\u00f3n Ambiental Integral<\/li>\n<\/ul>\n\n\n\n<p>Para m\u00e1s informaci\u00f3n e inscripciones, pod\u00e9s ingresar aqu\u00ed.<\/p>\n\n\n\n<p><a rel=\"noreferrer noopener\" href=\"https:\/\/aulastic.infd.edu.ar\/catalogo.cgi?wAccion=oferta_view&amp;oferta_id=400\" target=\"_blank\">EFD_ Educaci\u00f3n Ambiental Integral: construyendo una perspectiva<\/a><\/p>\n\n\n\n<p><strong>40 a\u00f1os de democracia: historia, memorias y derechos humanos<\/strong><\/p>\n\n\n\n<p>Los encuentros virtuales ser\u00e1n los d\u00edas:<\/p>\n\n\n\n<ul>\n<li>27 de abril a las 16 hs: La transici\u00f3n a la democracia en Argentina. El fin de la dictadura y el gobierno de Ra\u00fal Alfons\u00edn<\/li>\n\n\n\n<li>4 de mayo a las 16 hs: El camino de los juicios. La historia de los juicios de lesa humanidad en la Argentina democr\u00e1tica<\/li>\n\n\n\n<li>11 de mayo a las 16 hs: Conquistas y desaf\u00edos de la democracia en Argentina.Los derechos sociales, econ\u00f3micos, pol\u00edticos y culturales en los \u00faltimos 40 a\u00f1os<\/li>\n<\/ul>\n\n\n\n<p>Para m\u00e1s informaci\u00f3n e inscripciones, pod\u00e9s ingresar aqu\u00ed.<\/p>\n\n\n\n<p><a rel=\"noreferrer noopener\" href=\"https:\/\/aulastic.infd.edu.ar\/catalogo.cgi?wAccion=oferta_view&amp;oferta_id=394\" target=\"_blank\">EFD &#8211; 40 a\u00f1os de democracia: historia, memoria y derechos humanos<\/a><\/p>\n\n\n\n<p>Saludos,<\/p>\n\n\n\n<p>Equipo Directivo&nbsp;<\/p>\n","protected":false},"excerpt":{"rendered":"<p>Buenos d\u00edas a todos! Les informamos que del 10 al 21 de abril est\u00e1 abierta la inscripci\u00f3n para esta propuesta del Programa Nacional de Formaci\u00f3n Permanente Nuestra Escuela. Est\u00e1 destinada a estudiantes del nivel superior y se trata de tres cursos gratuitos de modalidad virtual, con una duraci\u00f3n de 5 semanas y una carga horaria &#8230; <a title=\"Cursos del Instituto Nacional de Formaci\u00f3n Docente para estudiantes\" class=\"read-more\" href=\"https:\/\/isfd106-bue.infd.edu.ar\/sitio\/cursos-del-instituto-nacional-de-formacion-docente-para-estudiantes\/\" aria-label=\"More on Cursos del Instituto Nacional de Formaci\u00f3n Docente para estudiantes\">[+]<\/a><\/p>\n","protected":false},"author":588,"featured_media":0,"comment_status":"open","ping_status":"open","sticky":false,"template":"","format":"standard","meta":[],"categories":[1,6],"tags":[],"acf":[],"_links":{"self":[{"href":"https:\/\/isfd106-bue.infd.edu.ar\/sitio\/wp-json\/wp\/v2\/posts\/3498"}],"collection":[{"href":"https:\/\/isfd106-bue.infd.edu.ar\/sitio\/wp-json\/wp\/v2\/posts"}],"about":[{"href":"https:\/\/isfd106-bue.infd.edu.ar\/sitio\/wp-json\/wp\/v2\/types\/post"}],"author":[{"embeddable":true,"href":"https:\/\/isfd106-bue.infd.edu.ar\/sitio\/wp-json\/wp\/v2\/users\/588"}],"replies":[{"embeddable":true,"href":"https:\/\/isfd106-bue.infd.edu.ar\/sitio\/wp-json\/wp\/v2\/comments?post=3498"}],"version-history":[{"count":1,"href":"https:\/\/isfd106-bue.infd.edu.ar\/sitio\/wp-json\/wp\/v2\/posts\/3498\/revisions"}],"predecessor-version":[{"id":3499,"href":"https:\/\/isfd106-bue.infd.edu.ar\/sitio\/wp-json\/wp\/v2\/posts\/3498\/revisions\/3499"}],"wp:attachment":[{"href":"https:\/\/isfd106-bue.infd.edu.ar\/sitio\/wp-json\/wp\/v2\/media?parent=3498"}],"wp:term":[{"taxonomy":"category","embeddable":true,"href":"https:\/\/isfd106-bue.infd.edu.ar\/sitio\/wp-json\/wp\/v2\/categories?post=3498"},{"taxonomy":"post_tag","embeddable":true,"href":"https:\/\/isfd106-bue.infd.edu.ar\/sitio\/wp-json\/wp\/v2\/tags?post=3498"}],"curies":[{"name":"wp","href":"https:\/\/api.w.org\/{rel}","templated":true}]}}