{"id":3486,"date":"2023-04-02T13:47:45","date_gmt":"2023-04-02T16:47:45","guid":{"rendered":"https:\/\/isfd106-bue.infd.edu.ar\/sitio\/?p=3486"},"modified":"2023-04-11T09:47:03","modified_gmt":"2023-04-11T12:47:03","slug":"2-de-abril-dia-de-los-veteranos-y-caidos-en-la-guerra-de-malvinas","status":"publish","type":"post","link":"https:\/\/isfd106-bue.infd.edu.ar\/sitio\/2-de-abril-dia-de-los-veteranos-y-caidos-en-la-guerra-de-malvinas\/","title":{"rendered":"2 de abril: D\u00eda de los Veteranos y Ca\u00eddos en la Guerra de Malvinas"},"content":{"rendered":"\n<p>Buenos d\u00edas, en este d\u00eda tan especial queremos rendir homenaje desde el ISFD 106 a los Veteranos y Ca\u00eddos en la guerra de Malvinas. Incluimos en este homenaje a los sujetos invisibilizados y silenciados como las mujeres&nbsp;civiles y militares, que fueron enfermeras, instrumentadoras, diplom\u00e1ticas y t\u00e9cnicas. Muchas dedicadas a cumplir funciones de asistencia m\u00e9dica, no solo curaron a los heridos sino que tambi\u00e9n les brindaron contenci\u00f3n afectiva y emocional. Sin embargo, su rol activo en Malvinas fue borrado de la memoria colectiva.<\/p>\n\n\n\n<p>Los invitamos a participar en un un trabajo realizado por&nbsp; profesores del \u00e1rea de Ciencias Sociales de Educaci\u00f3n Primaria. La propuesta es que&nbsp; sumen su participaci\u00f3n en el siguiente muro digital (padlet)<\/p>\n\n\n\n<p><a href=\"https:\/\/padlet.com\/chavalos\/2-de-abril-ae37shtvccug4zrz\" data-type=\"URL\" data-id=\"https:\/\/padlet.com\/chavalos\/2-de-abril-ae37shtvccug4zrz\">https:\/\/padlet.com\/chavalos\/2-de-abril-ae37shtvccug4zrz<\/a><\/p>\n\n\n\n<p><\/p>\n","protected":false},"excerpt":{"rendered":"<p>Buenos d\u00edas, en este d\u00eda tan especial queremos rendir homenaje desde el ISFD 106 a los Veteranos y Ca\u00eddos en la guerra de Malvinas. Incluimos en este homenaje a los sujetos invisibilizados y silenciados como las mujeres&nbsp;civiles y militares, que fueron enfermeras, instrumentadoras, diplom\u00e1ticas y t\u00e9cnicas. Muchas dedicadas a cumplir funciones de asistencia m\u00e9dica, no &#8230; <a title=\"2 de abril: D\u00eda de los Veteranos y Ca\u00eddos en la Guerra de Malvinas\" class=\"read-more\" href=\"https:\/\/isfd106-bue.infd.edu.ar\/sitio\/2-de-abril-dia-de-los-veteranos-y-caidos-en-la-guerra-de-malvinas\/\" aria-label=\"More on 2 de abril: D\u00eda de los Veteranos y Ca\u00eddos en la Guerra de Malvinas\">[+]<\/a><\/p>\n","protected":false},"author":588,"featured_media":0,"comment_status":"open","ping_status":"open","sticky":false,"template":"","format":"standard","meta":[],"categories":[1,6],"tags":[],"acf":[],"_links":{"self":[{"href":"https:\/\/isfd106-bue.infd.edu.ar\/sitio\/wp-json\/wp\/v2\/posts\/3486"}],"collection":[{"href":"https:\/\/isfd106-bue.infd.edu.ar\/sitio\/wp-json\/wp\/v2\/posts"}],"about":[{"href":"https:\/\/isfd106-bue.infd.edu.ar\/sitio\/wp-json\/wp\/v2\/types\/post"}],"author":[{"embeddable":true,"href":"https:\/\/isfd106-bue.infd.edu.ar\/sitio\/wp-json\/wp\/v2\/users\/588"}],"replies":[{"embeddable":true,"href":"https:\/\/isfd106-bue.infd.edu.ar\/sitio\/wp-json\/wp\/v2\/comments?post=3486"}],"version-history":[{"count":6,"href":"https:\/\/isfd106-bue.infd.edu.ar\/sitio\/wp-json\/wp\/v2\/posts\/3486\/revisions"}],"predecessor-version":[{"id":3501,"href":"https:\/\/isfd106-bue.infd.edu.ar\/sitio\/wp-json\/wp\/v2\/posts\/3486\/revisions\/3501"}],"wp:attachment":[{"href":"https:\/\/isfd106-bue.infd.edu.ar\/sitio\/wp-json\/wp\/v2\/media?parent=3486"}],"wp:term":[{"taxonomy":"category","embeddable":true,"href":"https:\/\/isfd106-bue.infd.edu.ar\/sitio\/wp-json\/wp\/v2\/categories?post=3486"},{"taxonomy":"post_tag","embeddable":true,"href":"https:\/\/isfd106-bue.infd.edu.ar\/sitio\/wp-json\/wp\/v2\/tags?post=3486"}],"curies":[{"name":"wp","href":"https:\/\/api.w.org\/{rel}","templated":true}]}}