{"id":3168,"date":"2022-09-13T10:01:54","date_gmt":"2022-09-13T13:01:54","guid":{"rendered":"https:\/\/isfd106-bue.infd.edu.ar\/sitio\/?p=3168"},"modified":"2022-09-13T10:01:55","modified_gmt":"2022-09-13T13:01:55","slug":"aportes-de-estudiantes-para-el-debate-sobre-modificaciones-del-regimen-academico-en-nivel-superior","status":"publish","type":"post","link":"https:\/\/isfd106-bue.infd.edu.ar\/sitio\/aportes-de-estudiantes-para-el-debate-sobre-modificaciones-del-regimen-academico-en-nivel-superior\/","title":{"rendered":"Aportes de estudiantes para el debate sobre modificaciones del R\u00e9gimen Acad\u00e9mico en Nivel Superior"},"content":{"rendered":"\n<p>Estimados estudiantes, en el d\u00eda de ayer comenzamos la discusi\u00f3n sobre la modificaci\u00f3n del r\u00e9gimen acad\u00e9mico para el nivel superior. Es importante que conozcan dicho r\u00e9gimen ya que, establece las condiciones de ingreso, permanencia y egreso de los estudiantes en el profesorado.<\/p>\n\n\n\n<p>Les dejamos el link del documento para leer la resoluci\u00f3n 4043\/09&nbsp;<\/p>\n\n\n\n<p><a href=\"https:\/\/drive.google.com\/drive\/u\/0\/folders\/15xiVNeTnpqwCFFU-Cdi7g3igam7jLmSB\">https:\/\/drive.google.com\/drive\/u\/0\/folders\/15xiVNeTnpqwCFFU-Cdi7g3igam7jLmSB<\/a><\/p>\n\n\n\n<p>A continuaci\u00f3n les proponemos que puedan completar la siguiente encuesta a los fines de conocer sus posocionamientos&nbsp; y transmitirlo a las autoridades provinciales del nivel.<\/p>\n\n\n\n<p>Pueden reunirse con sus compa\u00f1eros y de manera grupal responder dicha encuesta:<\/p>\n\n\n\n<p><a href=\"https:\/\/forms.gle\/9mE19TAxTe47sv59A\">https:\/\/forms.gle\/9mE19TAxTe47sv59A<\/a><\/p>\n\n\n\n<p>Esperamos sus aportes que son tan necesarios,<\/p>\n\n\n\n<p>Equipo de conducci\u00f3n <\/p>\n","protected":false},"excerpt":{"rendered":"<p>Estimados estudiantes, en el d\u00eda de ayer comenzamos la discusi\u00f3n sobre la modificaci\u00f3n del r\u00e9gimen acad\u00e9mico para el nivel superior. Es importante que conozcan dicho r\u00e9gimen ya que, establece las condiciones de ingreso, permanencia y egreso de los estudiantes en el profesorado. Les dejamos el link del documento para leer la resoluci\u00f3n 4043\/09&nbsp; https:\/\/drive.google.com\/drive\/u\/0\/folders\/15xiVNeTnpqwCFFU-Cdi7g3igam7jLmSB A &#8230; <a title=\"Aportes de estudiantes para el debate sobre modificaciones del R\u00e9gimen Acad\u00e9mico en Nivel Superior\" class=\"read-more\" href=\"https:\/\/isfd106-bue.infd.edu.ar\/sitio\/aportes-de-estudiantes-para-el-debate-sobre-modificaciones-del-regimen-academico-en-nivel-superior\/\" aria-label=\"More on Aportes de estudiantes para el debate sobre modificaciones del R\u00e9gimen Acad\u00e9mico en Nivel Superior\">[+]<\/a><\/p>\n","protected":false},"author":588,"featured_media":0,"comment_status":"open","ping_status":"open","sticky":false,"template":"","format":"standard","meta":[],"categories":[7,1,6],"tags":[],"acf":[],"_links":{"self":[{"href":"https:\/\/isfd106-bue.infd.edu.ar\/sitio\/wp-json\/wp\/v2\/posts\/3168"}],"collection":[{"href":"https:\/\/isfd106-bue.infd.edu.ar\/sitio\/wp-json\/wp\/v2\/posts"}],"about":[{"href":"https:\/\/isfd106-bue.infd.edu.ar\/sitio\/wp-json\/wp\/v2\/types\/post"}],"author":[{"embeddable":true,"href":"https:\/\/isfd106-bue.infd.edu.ar\/sitio\/wp-json\/wp\/v2\/users\/588"}],"replies":[{"embeddable":true,"href":"https:\/\/isfd106-bue.infd.edu.ar\/sitio\/wp-json\/wp\/v2\/comments?post=3168"}],"version-history":[{"count":2,"href":"https:\/\/isfd106-bue.infd.edu.ar\/sitio\/wp-json\/wp\/v2\/posts\/3168\/revisions"}],"predecessor-version":[{"id":3170,"href":"https:\/\/isfd106-bue.infd.edu.ar\/sitio\/wp-json\/wp\/v2\/posts\/3168\/revisions\/3170"}],"wp:attachment":[{"href":"https:\/\/isfd106-bue.infd.edu.ar\/sitio\/wp-json\/wp\/v2\/media?parent=3168"}],"wp:term":[{"taxonomy":"category","embeddable":true,"href":"https:\/\/isfd106-bue.infd.edu.ar\/sitio\/wp-json\/wp\/v2\/categories?post=3168"},{"taxonomy":"post_tag","embeddable":true,"href":"https:\/\/isfd106-bue.infd.edu.ar\/sitio\/wp-json\/wp\/v2\/tags?post=3168"}],"curies":[{"name":"wp","href":"https:\/\/api.w.org\/{rel}","templated":true}]}}