{"id":3165,"date":"2022-09-12T08:59:35","date_gmt":"2022-09-12T11:59:35","guid":{"rendered":"https:\/\/isfd106-bue.infd.edu.ar\/sitio\/?p=3165"},"modified":"2022-09-12T08:59:36","modified_gmt":"2022-09-12T11:59:36","slug":"participacion-estudiantil-en-las-jornadas-institucionales-del-lunes-12-9","status":"publish","type":"post","link":"https:\/\/isfd106-bue.infd.edu.ar\/sitio\/participacion-estudiantil-en-las-jornadas-institucionales-del-lunes-12-9\/","title":{"rendered":"Participaci\u00f3n estudiantil en las Jornadas Institucionales del lunes 12-9"},"content":{"rendered":"\n<p>Las jornadas institucionales&nbsp; del lunes 12 de septiembre tienen contemplada la participaci\u00f3n de los estudiantes.<\/p>\n\n\n\n<p>El prop\u00f3sito del encuentro es:\u00a0 abrir la discusi\u00f3n sobre el R\u00e9gimen Acad\u00e9mico Marco vigente ( Res 4043\/09)\u00a0 y las dimensiones necesarias a considerar para su actualizaci\u00f3n.\u00a0 Dicho marco establece las condiciones de ingreso, proimoci\u00f3n y egreso de los estudiantes de las carreras del Nivel Superior.\u00a0Adem\u00e1s se trabajar\u00e1 con el cambio de Dise\u00f1o curricular para las carreras de F\u00edsica, Qu\u00edmica y Biolog\u00eda. <\/p>\n\n\n\n<p><strong>Podr\u00e1n participar en forma presencial el d\u00eda lunes a las 18.30 hs<\/strong><\/p>\n\n\n\n<p>Anexamos el siguiente drive para que puedan acceder a los materiales de lectura de la misma:&nbsp;<a target=\"_blank\" href=\"https:\/\/drive.google.com\/drive\/folders\/1rO7PjA-XvBHFtWHeTtOLX7v1UXO1Y_d-?usp=sharing\" rel=\"noreferrer noopener\">https:\/\/drive.google.com\/drive\/folders\/1rO7PjA-XvBHFtWHeTtOLX7v1UXO1Y_d-?usp=sharing<\/a><\/p>\n\n\n\n<p>\u00a1Esperamos contar con la participaci\u00f3n de todos!<\/p>\n\n\n\n<p>Saludos,<\/p>\n\n\n\n<p>Equipo de conducci\u00f3n<\/p>\n","protected":false},"excerpt":{"rendered":"<p>Las jornadas institucionales&nbsp; del lunes 12 de septiembre tienen contemplada la participaci\u00f3n de los estudiantes. El prop\u00f3sito del encuentro es:\u00a0 abrir la discusi\u00f3n sobre el R\u00e9gimen Acad\u00e9mico Marco vigente ( Res 4043\/09)\u00a0 y las dimensiones necesarias a considerar para su actualizaci\u00f3n.\u00a0 Dicho marco establece las condiciones de ingreso, proimoci\u00f3n y egreso de los estudiantes de &#8230; <a title=\"Participaci\u00f3n estudiantil en las Jornadas Institucionales del lunes 12-9\" class=\"read-more\" href=\"https:\/\/isfd106-bue.infd.edu.ar\/sitio\/participacion-estudiantil-en-las-jornadas-institucionales-del-lunes-12-9\/\" aria-label=\"More on Participaci\u00f3n estudiantil en las Jornadas Institucionales del lunes 12-9\">[+]<\/a><\/p>\n","protected":false},"author":588,"featured_media":0,"comment_status":"open","ping_status":"open","sticky":false,"template":"","format":"standard","meta":[],"categories":[7,1,6],"tags":[],"acf":[],"_links":{"self":[{"href":"https:\/\/isfd106-bue.infd.edu.ar\/sitio\/wp-json\/wp\/v2\/posts\/3165"}],"collection":[{"href":"https:\/\/isfd106-bue.infd.edu.ar\/sitio\/wp-json\/wp\/v2\/posts"}],"about":[{"href":"https:\/\/isfd106-bue.infd.edu.ar\/sitio\/wp-json\/wp\/v2\/types\/post"}],"author":[{"embeddable":true,"href":"https:\/\/isfd106-bue.infd.edu.ar\/sitio\/wp-json\/wp\/v2\/users\/588"}],"replies":[{"embeddable":true,"href":"https:\/\/isfd106-bue.infd.edu.ar\/sitio\/wp-json\/wp\/v2\/comments?post=3165"}],"version-history":[{"count":1,"href":"https:\/\/isfd106-bue.infd.edu.ar\/sitio\/wp-json\/wp\/v2\/posts\/3165\/revisions"}],"predecessor-version":[{"id":3166,"href":"https:\/\/isfd106-bue.infd.edu.ar\/sitio\/wp-json\/wp\/v2\/posts\/3165\/revisions\/3166"}],"wp:attachment":[{"href":"https:\/\/isfd106-bue.infd.edu.ar\/sitio\/wp-json\/wp\/v2\/media?parent=3165"}],"wp:term":[{"taxonomy":"category","embeddable":true,"href":"https:\/\/isfd106-bue.infd.edu.ar\/sitio\/wp-json\/wp\/v2\/categories?post=3165"},{"taxonomy":"post_tag","embeddable":true,"href":"https:\/\/isfd106-bue.infd.edu.ar\/sitio\/wp-json\/wp\/v2\/tags?post=3165"}],"curies":[{"name":"wp","href":"https:\/\/api.w.org\/{rel}","templated":true}]}}