{"id":3163,"date":"2022-09-12T08:55:47","date_gmt":"2022-09-12T11:55:47","guid":{"rendered":"https:\/\/isfd106-bue.infd.edu.ar\/sitio\/?p=3163"},"modified":"2022-09-12T08:55:57","modified_gmt":"2022-09-12T11:55:57","slug":"compatibilidad-potenciar-trabajo-progresar","status":"publish","type":"post","link":"https:\/\/isfd106-bue.infd.edu.ar\/sitio\/compatibilidad-potenciar-trabajo-progresar\/","title":{"rendered":"COMPATIBILIDAD POTENCIAR TRABAJO \u2013 PROGRESAR"},"content":{"rendered":"\n<h5 class=\"wp-block-heading\"><strong>Informamos a todos los estudiantes: <\/strong><\/h5>\n\n\n\n<p>Resoluci\u00f3n 1640\/22 donde indica:<em>ART\u00cdCULO 1\u00ba.- Establ\u00e9cese que la percepci\u00f3n del incentivo otorgado a la poblaci\u00f3n destinataria del \u201cPROGRAMA DE RESPALDO A ESTUDIANTES ARGENTINOS\u201d (PROGRESAR), creado por el Decreto de Necesidad y Urgencia N\u00b0 84 del 23 de enero de 2014 resulta compatible con el ingreso y la permanencia de los mismos como titulares en el \u201cPROGRAMA NACIONAL DE INCLUSI\u00d3N SOCIO-PRODUCTIVA Y DESARROLLO LOCAL \u201cPOTENCIAR TRABAJO\u201d y la percepci\u00f3n del Salario Social Complementario a partir del 1\u00b0 de agosto de 2022.-&nbsp; &nbsp;<\/em><\/p>\n\n\n\n<h5 class=\"wp-block-heading\"><strong>Acceso a la resoluci\u00f3n:&nbsp;<a href=\"https:\/\/drive.google.com\/file\/d\/1tDQJfSz9-XnVwvYeWAPZQdqLzC6Gzjn1\/view?usp=sharing\">aqu\u00ed&nbsp;<\/a><\/strong><\/h5>\n","protected":false},"excerpt":{"rendered":"<p>Informamos a todos los estudiantes: Resoluci\u00f3n 1640\/22 donde indica:ART\u00cdCULO 1\u00ba.- Establ\u00e9cese que la percepci\u00f3n del incentivo otorgado a la poblaci\u00f3n destinataria del \u201cPROGRAMA DE RESPALDO A ESTUDIANTES ARGENTINOS\u201d (PROGRESAR), creado por el Decreto de Necesidad y Urgencia N\u00b0 84 del 23 de enero de 2014 resulta compatible con el ingreso y la permanencia de los &#8230; <a title=\"COMPATIBILIDAD POTENCIAR TRABAJO \u2013 PROGRESAR\" class=\"read-more\" href=\"https:\/\/isfd106-bue.infd.edu.ar\/sitio\/compatibilidad-potenciar-trabajo-progresar\/\" aria-label=\"More on COMPATIBILIDAD POTENCIAR TRABAJO \u2013 PROGRESAR\">[+]<\/a><\/p>\n","protected":false},"author":588,"featured_media":0,"comment_status":"open","ping_status":"open","sticky":false,"template":"","format":"standard","meta":[],"categories":[7,1,6],"tags":[],"acf":[],"_links":{"self":[{"href":"https:\/\/isfd106-bue.infd.edu.ar\/sitio\/wp-json\/wp\/v2\/posts\/3163"}],"collection":[{"href":"https:\/\/isfd106-bue.infd.edu.ar\/sitio\/wp-json\/wp\/v2\/posts"}],"about":[{"href":"https:\/\/isfd106-bue.infd.edu.ar\/sitio\/wp-json\/wp\/v2\/types\/post"}],"author":[{"embeddable":true,"href":"https:\/\/isfd106-bue.infd.edu.ar\/sitio\/wp-json\/wp\/v2\/users\/588"}],"replies":[{"embeddable":true,"href":"https:\/\/isfd106-bue.infd.edu.ar\/sitio\/wp-json\/wp\/v2\/comments?post=3163"}],"version-history":[{"count":1,"href":"https:\/\/isfd106-bue.infd.edu.ar\/sitio\/wp-json\/wp\/v2\/posts\/3163\/revisions"}],"predecessor-version":[{"id":3164,"href":"https:\/\/isfd106-bue.infd.edu.ar\/sitio\/wp-json\/wp\/v2\/posts\/3163\/revisions\/3164"}],"wp:attachment":[{"href":"https:\/\/isfd106-bue.infd.edu.ar\/sitio\/wp-json\/wp\/v2\/media?parent=3163"}],"wp:term":[{"taxonomy":"category","embeddable":true,"href":"https:\/\/isfd106-bue.infd.edu.ar\/sitio\/wp-json\/wp\/v2\/categories?post=3163"},{"taxonomy":"post_tag","embeddable":true,"href":"https:\/\/isfd106-bue.infd.edu.ar\/sitio\/wp-json\/wp\/v2\/tags?post=3163"}],"curies":[{"name":"wp","href":"https:\/\/api.w.org\/{rel}","templated":true}]}}