{"id":3145,"date":"2022-09-08T21:43:34","date_gmt":"2022-09-09T00:43:34","guid":{"rendered":"https:\/\/isfd106-bue.infd.edu.ar\/sitio\/?p=3145"},"modified":"2022-09-08T21:43:35","modified_gmt":"2022-09-09T00:43:35","slug":"semana-de-la-esi-4-dia","status":"publish","type":"post","link":"https:\/\/isfd106-bue.infd.edu.ar\/sitio\/semana-de-la-esi-4-dia\/","title":{"rendered":"Semana de la ESI- 4\u00b0 d\u00eda"},"content":{"rendered":"\n<p><img decoding=\"async\" loading=\"lazy\" height=\"16\" width=\"16\" alt=\"&#x1f3f3;&#xfe0f;&#x200d;&#x1f308;\" src=\"https:\/\/static.xx.fbcdn.net\/images\/emoji.php\/v9\/t56\/1\/16\/1f3f3_200d_1f308.png\"> <strong>La Mochila ESI<\/strong>: es una curadur\u00eda de materiales, audiovisuales, podcasts, lectura en relaci\u00f3n a distintas tem\u00e1ticas de la ESI para que cada una\/o recorra y visita lo que le interese, y cuantas veces lo desee. Se puede acceder desde el QR o desde el siguiente enlace: <a rel=\"noreferrer noopener\" href=\"https:\/\/padlet.com\/esienel106\/d2t5k3x96yt8q2qa?fbclid=IwAR29H7b1UdLBUVix0rooD_T844uAcLa_zUDy4R_12IP8udkkqf51lgeOh44\" target=\"_blank\">https:\/\/padlet.com\/esienel106\/d2t5k3x96yt8q2qa<\/a><\/p>\n\n\n\n<p><img decoding=\"async\" loading=\"lazy\" height=\"16\" width=\"16\" alt=\"&#x1f3f3;&#xfe0f;&#x200d;&#x1f308;\" src=\"https:\/\/static.xx.fbcdn.net\/images\/emoji.php\/v9\/t56\/1\/16\/1f3f3_200d_1f308.png\"> <strong>Producci\u00f3n digital <\/strong>Se abre la convocatoria a estudiantes y docentes que quieran compartir sus escritos, poes\u00edas, cuentos, dibujos o ilustraciones.<\/p>\n","protected":false},"excerpt":{"rendered":"<p>La Mochila ESI: es una curadur\u00eda de materiales, audiovisuales, podcasts, lectura en relaci\u00f3n a distintas tem\u00e1ticas de la ESI para que cada una\/o recorra y visita lo que le interese, y cuantas veces lo desee. Se puede acceder desde el QR o desde el siguiente enlace: https:\/\/padlet.com\/esienel106\/d2t5k3x96yt8q2qa Producci\u00f3n digital Se abre la convocatoria a estudiantes &#8230; <a title=\"Semana de la ESI- 4\u00b0 d\u00eda\" class=\"read-more\" href=\"https:\/\/isfd106-bue.infd.edu.ar\/sitio\/semana-de-la-esi-4-dia\/\" aria-label=\"More on Semana de la ESI- 4\u00b0 d\u00eda\">[+]<\/a><\/p>\n","protected":false},"author":588,"featured_media":3146,"comment_status":"open","ping_status":"open","sticky":false,"template":"","format":"standard","meta":[],"categories":[7,1,6],"tags":[],"acf":[],"_links":{"self":[{"href":"https:\/\/isfd106-bue.infd.edu.ar\/sitio\/wp-json\/wp\/v2\/posts\/3145"}],"collection":[{"href":"https:\/\/isfd106-bue.infd.edu.ar\/sitio\/wp-json\/wp\/v2\/posts"}],"about":[{"href":"https:\/\/isfd106-bue.infd.edu.ar\/sitio\/wp-json\/wp\/v2\/types\/post"}],"author":[{"embeddable":true,"href":"https:\/\/isfd106-bue.infd.edu.ar\/sitio\/wp-json\/wp\/v2\/users\/588"}],"replies":[{"embeddable":true,"href":"https:\/\/isfd106-bue.infd.edu.ar\/sitio\/wp-json\/wp\/v2\/comments?post=3145"}],"version-history":[{"count":1,"href":"https:\/\/isfd106-bue.infd.edu.ar\/sitio\/wp-json\/wp\/v2\/posts\/3145\/revisions"}],"predecessor-version":[{"id":3147,"href":"https:\/\/isfd106-bue.infd.edu.ar\/sitio\/wp-json\/wp\/v2\/posts\/3145\/revisions\/3147"}],"wp:featuredmedia":[{"embeddable":true,"href":"https:\/\/isfd106-bue.infd.edu.ar\/sitio\/wp-json\/wp\/v2\/media\/3146"}],"wp:attachment":[{"href":"https:\/\/isfd106-bue.infd.edu.ar\/sitio\/wp-json\/wp\/v2\/media?parent=3145"}],"wp:term":[{"taxonomy":"category","embeddable":true,"href":"https:\/\/isfd106-bue.infd.edu.ar\/sitio\/wp-json\/wp\/v2\/categories?post=3145"},{"taxonomy":"post_tag","embeddable":true,"href":"https:\/\/isfd106-bue.infd.edu.ar\/sitio\/wp-json\/wp\/v2\/tags?post=3145"}],"curies":[{"name":"wp","href":"https:\/\/api.w.org\/{rel}","templated":true}]}}