{"id":3102,"date":"2022-08-29T09:47:03","date_gmt":"2022-08-29T12:47:03","guid":{"rendered":"https:\/\/isfd106-bue.infd.edu.ar\/sitio\/?p=3102"},"modified":"2022-08-29T09:47:04","modified_gmt":"2022-08-29T12:47:04","slug":"lunes-29-de-agosto_-clases-presenciales","status":"publish","type":"post","link":"https:\/\/isfd106-bue.infd.edu.ar\/sitio\/lunes-29-de-agosto_-clases-presenciales\/","title":{"rendered":"Lunes 29 de agosto_ clases presenciales"},"content":{"rendered":"\n<p>Estimados estudiantes, hoy lunes 29 de agosto retomamos las clases presenciales en el instituto en el turno vespertino.<\/p>\n\n\n\n<p>A\u00fan no est\u00e1 definda la resoluci\u00f3n del conflicto gremial de transporte.Por ello, de continuar el paro <strong>cursar\u00e1n de forma presencial hasta las 21.00 horas<\/strong> y luego <em>cursaran de 21. 00 a 22.00 hs forma virtual asincr\u00f3nica<\/em>. Caso contrario asistir\u00e1n la jornada completa.<\/p>\n\n\n\n<p>Muchas Gracias,<\/p>\n\n\n\n<p>Saludos,<\/p>\n\n\n\n<p>Equipo Directivo&nbsp;<\/p>\n","protected":false},"excerpt":{"rendered":"<p>Estimados estudiantes, hoy lunes 29 de agosto retomamos las clases presenciales en el instituto en el turno vespertino. A\u00fan no est\u00e1 definda la resoluci\u00f3n del conflicto gremial de transporte.Por ello, de continuar el paro cursar\u00e1n de forma presencial hasta las 21.00 horas y luego cursaran de 21. 00 a 22.00 hs forma virtual asincr\u00f3nica. Caso &#8230; <a title=\"Lunes 29 de agosto_ clases presenciales\" class=\"read-more\" href=\"https:\/\/isfd106-bue.infd.edu.ar\/sitio\/lunes-29-de-agosto_-clases-presenciales\/\" aria-label=\"More on Lunes 29 de agosto_ clases presenciales\">[+]<\/a><\/p>\n","protected":false},"author":588,"featured_media":0,"comment_status":"open","ping_status":"open","sticky":false,"template":"","format":"standard","meta":[],"categories":[7,1,6],"tags":[],"acf":[],"_links":{"self":[{"href":"https:\/\/isfd106-bue.infd.edu.ar\/sitio\/wp-json\/wp\/v2\/posts\/3102"}],"collection":[{"href":"https:\/\/isfd106-bue.infd.edu.ar\/sitio\/wp-json\/wp\/v2\/posts"}],"about":[{"href":"https:\/\/isfd106-bue.infd.edu.ar\/sitio\/wp-json\/wp\/v2\/types\/post"}],"author":[{"embeddable":true,"href":"https:\/\/isfd106-bue.infd.edu.ar\/sitio\/wp-json\/wp\/v2\/users\/588"}],"replies":[{"embeddable":true,"href":"https:\/\/isfd106-bue.infd.edu.ar\/sitio\/wp-json\/wp\/v2\/comments?post=3102"}],"version-history":[{"count":1,"href":"https:\/\/isfd106-bue.infd.edu.ar\/sitio\/wp-json\/wp\/v2\/posts\/3102\/revisions"}],"predecessor-version":[{"id":3103,"href":"https:\/\/isfd106-bue.infd.edu.ar\/sitio\/wp-json\/wp\/v2\/posts\/3102\/revisions\/3103"}],"wp:attachment":[{"href":"https:\/\/isfd106-bue.infd.edu.ar\/sitio\/wp-json\/wp\/v2\/media?parent=3102"}],"wp:term":[{"taxonomy":"category","embeddable":true,"href":"https:\/\/isfd106-bue.infd.edu.ar\/sitio\/wp-json\/wp\/v2\/categories?post=3102"},{"taxonomy":"post_tag","embeddable":true,"href":"https:\/\/isfd106-bue.infd.edu.ar\/sitio\/wp-json\/wp\/v2\/tags?post=3102"}],"curies":[{"name":"wp","href":"https:\/\/api.w.org\/{rel}","templated":true}]}}