{"id":3100,"date":"2022-08-24T12:39:25","date_gmt":"2022-08-24T15:39:25","guid":{"rendered":"https:\/\/isfd106-bue.infd.edu.ar\/sitio\/?p=3100"},"modified":"2022-08-24T12:39:26","modified_gmt":"2022-08-24T15:39:26","slug":"clases-virtuales-sincronicas_miercoles-24-de-agosto","status":"publish","type":"post","link":"https:\/\/isfd106-bue.infd.edu.ar\/sitio\/clases-virtuales-sincronicas_miercoles-24-de-agosto\/","title":{"rendered":"Clases virtuales sincr\u00f3nicas_mi\u00e9rcoles 24 de agosto"},"content":{"rendered":"\n<p>Buenos d\u00edas, informamos a todos los estudiantes&nbsp; que cursan en el turno vespertino que,&nbsp; debido al paro de transporte decretado para hoy mi\u00e9rcoles 24 de agosto de 22.00 hs a 5.00 hs tendr\u00e1n clases&nbsp; de&nbsp;<strong>manera virtual sincr\u00f3nica<\/strong>&nbsp;&nbsp;<br>Esta modalidad es para todo el turno vespertino de 18.00 a 22.00 hs<\/p>\n\n\n\n<p>Los docentes les enviar\u00e1n por aula y\/o se comunicar\u00e1n con ustedes para conectarse en el horario de la materia.<em><strong>&nbsp;Participar del encuentro sincr\u00f3nico es la asistencia a clases<\/strong><\/em>.<\/p>\n\n\n\n<p>Iremos informando por d\u00eda a medida que se conozcan las noticias sobre el tema&nbsp;<\/p>\n\n\n\n<p>Gracias,<\/p>\n\n\n\n<p>Equipo Directivo<\/p>\n","protected":false},"excerpt":{"rendered":"<p>Buenos d\u00edas, informamos a todos los estudiantes&nbsp; que cursan en el turno vespertino que,&nbsp; debido al paro de transporte decretado para hoy mi\u00e9rcoles 24 de agosto de 22.00 hs a 5.00 hs tendr\u00e1n clases&nbsp; de&nbsp;manera virtual sincr\u00f3nica&nbsp;&nbsp;Esta modalidad es para todo el turno vespertino de 18.00 a 22.00 hs Los docentes les enviar\u00e1n por aula &#8230; <a title=\"Clases virtuales sincr\u00f3nicas_mi\u00e9rcoles 24 de agosto\" class=\"read-more\" href=\"https:\/\/isfd106-bue.infd.edu.ar\/sitio\/clases-virtuales-sincronicas_miercoles-24-de-agosto\/\" aria-label=\"More on Clases virtuales sincr\u00f3nicas_mi\u00e9rcoles 24 de agosto\">[+]<\/a><\/p>\n","protected":false},"author":588,"featured_media":0,"comment_status":"open","ping_status":"open","sticky":false,"template":"","format":"standard","meta":[],"categories":[7,1,6],"tags":[],"acf":[],"_links":{"self":[{"href":"https:\/\/isfd106-bue.infd.edu.ar\/sitio\/wp-json\/wp\/v2\/posts\/3100"}],"collection":[{"href":"https:\/\/isfd106-bue.infd.edu.ar\/sitio\/wp-json\/wp\/v2\/posts"}],"about":[{"href":"https:\/\/isfd106-bue.infd.edu.ar\/sitio\/wp-json\/wp\/v2\/types\/post"}],"author":[{"embeddable":true,"href":"https:\/\/isfd106-bue.infd.edu.ar\/sitio\/wp-json\/wp\/v2\/users\/588"}],"replies":[{"embeddable":true,"href":"https:\/\/isfd106-bue.infd.edu.ar\/sitio\/wp-json\/wp\/v2\/comments?post=3100"}],"version-history":[{"count":1,"href":"https:\/\/isfd106-bue.infd.edu.ar\/sitio\/wp-json\/wp\/v2\/posts\/3100\/revisions"}],"predecessor-version":[{"id":3101,"href":"https:\/\/isfd106-bue.infd.edu.ar\/sitio\/wp-json\/wp\/v2\/posts\/3100\/revisions\/3101"}],"wp:attachment":[{"href":"https:\/\/isfd106-bue.infd.edu.ar\/sitio\/wp-json\/wp\/v2\/media?parent=3100"}],"wp:term":[{"taxonomy":"category","embeddable":true,"href":"https:\/\/isfd106-bue.infd.edu.ar\/sitio\/wp-json\/wp\/v2\/categories?post=3100"},{"taxonomy":"post_tag","embeddable":true,"href":"https:\/\/isfd106-bue.infd.edu.ar\/sitio\/wp-json\/wp\/v2\/tags?post=3100"}],"curies":[{"name":"wp","href":"https:\/\/api.w.org\/{rel}","templated":true}]}}