{"id":2939,"date":"2022-07-31T19:14:28","date_gmt":"2022-07-31T22:14:28","guid":{"rendered":"https:\/\/isfd106-bue.infd.edu.ar\/sitio\/?p=2939"},"modified":"2022-07-31T19:31:56","modified_gmt":"2022-07-31T22:31:56","slug":"becas-progresar-2da-convocatoria-2022","status":"publish","type":"post","link":"https:\/\/isfd106-bue.infd.edu.ar\/sitio\/becas-progresar-2da-convocatoria-2022\/","title":{"rendered":"BECAS PROGRESAR- 2da Convocatoria 2022"},"content":{"rendered":"\n<p>Estudiantes:&nbsp;<\/p>\n\n\n\n<p>En esta oportunidad queremos informales que a partir del pr\u00f3ximo lunes<strong>&nbsp;1ero. de agosto&nbsp;2022<\/strong>&nbsp;se dar\u00e1 inicio a la&nbsp;<strong>2da Convocatoria de Becas PROGRESAR del a\u00f1o.<\/strong><br>A partir del 1ero y hasta el 31 de agosto los estudiantes interesadas\/os en participar en becas progresar, tendr\u00e1n la oportunidad de inscribirse a trav\u00e9s de la plataforma&nbsp;<a rel=\"noreferrer noopener\" href=\"https:\/\/www.argentina.gob.ar\/educacion\/progresar\/ingreso-a-instituciones\" target=\"_blank\">https:\/\/www.argentina.gob.ar\/educacion\/progresar\/ingreso-a-instituciones<\/a><\/p>\n\n\n\n<p>Saludos,<\/p>\n\n\n\n<p>Equipo Directivo y Cipes&nbsp;<\/p>\n","protected":false},"excerpt":{"rendered":"<p>Estudiantes:&nbsp; En esta oportunidad queremos informales que a partir del pr\u00f3ximo lunes&nbsp;1ero. de agosto&nbsp;2022&nbsp;se dar\u00e1 inicio a la&nbsp;2da Convocatoria de Becas PROGRESAR del a\u00f1o.A partir del 1ero y hasta el 31 de agosto los estudiantes interesadas\/os en participar en becas progresar, tendr\u00e1n la oportunidad de inscribirse a trav\u00e9s de la plataforma&nbsp;https:\/\/www.argentina.gob.ar\/educacion\/progresar\/ingreso-a-instituciones Saludos, Equipo Directivo y &#8230; <a title=\"BECAS PROGRESAR- 2da Convocatoria 2022\" class=\"read-more\" href=\"https:\/\/isfd106-bue.infd.edu.ar\/sitio\/becas-progresar-2da-convocatoria-2022\/\" aria-label=\"More on BECAS PROGRESAR- 2da Convocatoria 2022\">[+]<\/a><\/p>\n","protected":false},"author":588,"featured_media":2940,"comment_status":"open","ping_status":"open","sticky":false,"template":"","format":"standard","meta":[],"categories":[7,1,6],"tags":[],"acf":[],"_links":{"self":[{"href":"https:\/\/isfd106-bue.infd.edu.ar\/sitio\/wp-json\/wp\/v2\/posts\/2939"}],"collection":[{"href":"https:\/\/isfd106-bue.infd.edu.ar\/sitio\/wp-json\/wp\/v2\/posts"}],"about":[{"href":"https:\/\/isfd106-bue.infd.edu.ar\/sitio\/wp-json\/wp\/v2\/types\/post"}],"author":[{"embeddable":true,"href":"https:\/\/isfd106-bue.infd.edu.ar\/sitio\/wp-json\/wp\/v2\/users\/588"}],"replies":[{"embeddable":true,"href":"https:\/\/isfd106-bue.infd.edu.ar\/sitio\/wp-json\/wp\/v2\/comments?post=2939"}],"version-history":[{"count":1,"href":"https:\/\/isfd106-bue.infd.edu.ar\/sitio\/wp-json\/wp\/v2\/posts\/2939\/revisions"}],"predecessor-version":[{"id":2941,"href":"https:\/\/isfd106-bue.infd.edu.ar\/sitio\/wp-json\/wp\/v2\/posts\/2939\/revisions\/2941"}],"wp:featuredmedia":[{"embeddable":true,"href":"https:\/\/isfd106-bue.infd.edu.ar\/sitio\/wp-json\/wp\/v2\/media\/2940"}],"wp:attachment":[{"href":"https:\/\/isfd106-bue.infd.edu.ar\/sitio\/wp-json\/wp\/v2\/media?parent=2939"}],"wp:term":[{"taxonomy":"category","embeddable":true,"href":"https:\/\/isfd106-bue.infd.edu.ar\/sitio\/wp-json\/wp\/v2\/categories?post=2939"},{"taxonomy":"post_tag","embeddable":true,"href":"https:\/\/isfd106-bue.infd.edu.ar\/sitio\/wp-json\/wp\/v2\/tags?post=2939"}],"curies":[{"name":"wp","href":"https:\/\/api.w.org\/{rel}","templated":true}]}}