{"id":2910,"date":"2022-07-04T08:29:03","date_gmt":"2022-07-04T11:29:03","guid":{"rendered":"https:\/\/isfd106-bue.infd.edu.ar\/sitio\/?p=2910"},"modified":"2022-07-04T08:29:04","modified_gmt":"2022-07-04T11:29:04","slug":"elecciones-del-cai-2","status":"publish","type":"post","link":"https:\/\/isfd106-bue.infd.edu.ar\/sitio\/elecciones-del-cai-2\/","title":{"rendered":"Elecciones del CAI"},"content":{"rendered":"\n<p>En el marco de la Resoluci\u00f3n 4044\/09 se ha llevado adelante en nuestra instituci\u00f3n las elecciones del CAI desde el 13 de junio al 1 de julio de 2022.<\/p>\n\n\n\n<p>Dicha elecci\u00f3n arroj\u00f3 como resultado la legitimaci\u00f3n de la listas presentadas de los claustros docente, no docente y estudiantil.<\/p>\n\n\n\n<p>Agradecemos la participaci\u00f3n de todos los estudiantes, docentes y no docentes que han votado demostrando la necesidad del sostener el esp\u00edtitu democr\u00e1ctico como un acto de ciudadan\u00eda responsable y comprometida. <\/p>\n\n\n\n<p>Para m\u00e1s informaci\u00f3n puede visitar la Secci\u00f3n CAI de nuestro sitio web. <\/p>\n\n\n\n<p><\/p>\n","protected":false},"excerpt":{"rendered":"<p>En el marco de la Resoluci\u00f3n 4044\/09 se ha llevado adelante en nuestra instituci\u00f3n las elecciones del CAI desde el 13 de junio al 1 de julio de 2022. Dicha elecci\u00f3n arroj\u00f3 como resultado la legitimaci\u00f3n de la listas presentadas de los claustros docente, no docente y estudiantil. Agradecemos la participaci\u00f3n de todos los estudiantes, &#8230; <a title=\"Elecciones del CAI\" class=\"read-more\" href=\"https:\/\/isfd106-bue.infd.edu.ar\/sitio\/elecciones-del-cai-2\/\" aria-label=\"More on Elecciones del CAI\">[+]<\/a><\/p>\n","protected":false},"author":588,"featured_media":2911,"comment_status":"open","ping_status":"open","sticky":false,"template":"","format":"standard","meta":[],"categories":[1],"tags":[],"acf":[],"_links":{"self":[{"href":"https:\/\/isfd106-bue.infd.edu.ar\/sitio\/wp-json\/wp\/v2\/posts\/2910"}],"collection":[{"href":"https:\/\/isfd106-bue.infd.edu.ar\/sitio\/wp-json\/wp\/v2\/posts"}],"about":[{"href":"https:\/\/isfd106-bue.infd.edu.ar\/sitio\/wp-json\/wp\/v2\/types\/post"}],"author":[{"embeddable":true,"href":"https:\/\/isfd106-bue.infd.edu.ar\/sitio\/wp-json\/wp\/v2\/users\/588"}],"replies":[{"embeddable":true,"href":"https:\/\/isfd106-bue.infd.edu.ar\/sitio\/wp-json\/wp\/v2\/comments?post=2910"}],"version-history":[{"count":1,"href":"https:\/\/isfd106-bue.infd.edu.ar\/sitio\/wp-json\/wp\/v2\/posts\/2910\/revisions"}],"predecessor-version":[{"id":2912,"href":"https:\/\/isfd106-bue.infd.edu.ar\/sitio\/wp-json\/wp\/v2\/posts\/2910\/revisions\/2912"}],"wp:featuredmedia":[{"embeddable":true,"href":"https:\/\/isfd106-bue.infd.edu.ar\/sitio\/wp-json\/wp\/v2\/media\/2911"}],"wp:attachment":[{"href":"https:\/\/isfd106-bue.infd.edu.ar\/sitio\/wp-json\/wp\/v2\/media?parent=2910"}],"wp:term":[{"taxonomy":"category","embeddable":true,"href":"https:\/\/isfd106-bue.infd.edu.ar\/sitio\/wp-json\/wp\/v2\/categories?post=2910"},{"taxonomy":"post_tag","embeddable":true,"href":"https:\/\/isfd106-bue.infd.edu.ar\/sitio\/wp-json\/wp\/v2\/tags?post=2910"}],"curies":[{"name":"wp","href":"https:\/\/api.w.org\/{rel}","templated":true}]}}