{"id":2780,"date":"2022-05-30T16:32:15","date_gmt":"2022-05-30T19:32:15","guid":{"rendered":"https:\/\/isfd106-bue.infd.edu.ar\/sitio\/?p=2780"},"modified":"2022-06-04T01:59:41","modified_gmt":"2022-06-04T04:59:41","slug":"desinfeccion-y-desratizacion","status":"publish","type":"post","link":"https:\/\/isfd106-bue.infd.edu.ar\/sitio\/desinfeccion-y-desratizacion\/","title":{"rendered":"Desinfecci\u00f3n y desratizaci\u00f3n"},"content":{"rendered":"\n<p>Buenas tardes,&nbsp; informamos a todos los estudiantes&nbsp; que&nbsp; &nbsp;los d\u00edas&nbsp;<strong>Jueves 2 de junio en el turno vespertino, viernes 3 de junio en los tres turnos y lunes 6 de junio en el turno ma\u00f1ana<\/strong> se proceder\u00e1 a la&nbsp;desinfecci\u00f3n&nbsp;y&nbsp;desratizaci\u00f3n&nbsp;del edificio de la Unidad Acad\u00e9mica.<\/p>\n\n\n\n<p>Las tareas de limpieza demandar\u00e1n el trabajo los d\u00edas Jueves 2 de junio y lunes 6 de junio debido al <em>poco personal auxiliar<\/em> que contamos en los tres turnos para limpiar\u00a0 todas las aulas, dependencias y espacios comunes de circulaci\u00f3n.\u00a0 \u00a0<\/p>\n\n\n\n<p>Por lo tanto, &nbsp;las clases de esos d\u00edas ser\u00e1n para los estudiantes del nivel superior mediante campus virtual&nbsp;institucional <em>sin asistencia presencial al instituto<\/em>,&nbsp; bajo modalidad sincr\u00f3nica o asincr\u00f3nica a determinar por cada docente en su c\u00e1tedra.&nbsp;<\/p>\n\n\n\n<p>Saluda atte<\/p>\n\n\n\n<p>Equipo Directivo&nbsp;<\/p>\n","protected":false},"excerpt":{"rendered":"<p>Buenas tardes,&nbsp; informamos a todos los estudiantes&nbsp; que&nbsp; &nbsp;los d\u00edas&nbsp;Jueves 2 de junio en el turno vespertino, viernes 3 de junio en los tres turnos y lunes 6 de junio en el turno ma\u00f1ana se proceder\u00e1 a la&nbsp;desinfecci\u00f3n&nbsp;y&nbsp;desratizaci\u00f3n&nbsp;del edificio de la Unidad Acad\u00e9mica. Las tareas de limpieza demandar\u00e1n el trabajo los d\u00edas Jueves 2 de &#8230; <a title=\"Desinfecci\u00f3n y desratizaci\u00f3n\" class=\"read-more\" href=\"https:\/\/isfd106-bue.infd.edu.ar\/sitio\/desinfeccion-y-desratizacion\/\" aria-label=\"More on Desinfecci\u00f3n y desratizaci\u00f3n\">[+]<\/a><\/p>\n","protected":false},"author":588,"featured_media":2811,"comment_status":"closed","ping_status":"closed","sticky":false,"template":"","format":"standard","meta":[],"categories":[1,6],"tags":[],"acf":[],"_links":{"self":[{"href":"https:\/\/isfd106-bue.infd.edu.ar\/sitio\/wp-json\/wp\/v2\/posts\/2780"}],"collection":[{"href":"https:\/\/isfd106-bue.infd.edu.ar\/sitio\/wp-json\/wp\/v2\/posts"}],"about":[{"href":"https:\/\/isfd106-bue.infd.edu.ar\/sitio\/wp-json\/wp\/v2\/types\/post"}],"author":[{"embeddable":true,"href":"https:\/\/isfd106-bue.infd.edu.ar\/sitio\/wp-json\/wp\/v2\/users\/588"}],"replies":[{"embeddable":true,"href":"https:\/\/isfd106-bue.infd.edu.ar\/sitio\/wp-json\/wp\/v2\/comments?post=2780"}],"version-history":[{"count":3,"href":"https:\/\/isfd106-bue.infd.edu.ar\/sitio\/wp-json\/wp\/v2\/posts\/2780\/revisions"}],"predecessor-version":[{"id":2853,"href":"https:\/\/isfd106-bue.infd.edu.ar\/sitio\/wp-json\/wp\/v2\/posts\/2780\/revisions\/2853"}],"wp:featuredmedia":[{"embeddable":true,"href":"https:\/\/isfd106-bue.infd.edu.ar\/sitio\/wp-json\/wp\/v2\/media\/2811"}],"wp:attachment":[{"href":"https:\/\/isfd106-bue.infd.edu.ar\/sitio\/wp-json\/wp\/v2\/media?parent=2780"}],"wp:term":[{"taxonomy":"category","embeddable":true,"href":"https:\/\/isfd106-bue.infd.edu.ar\/sitio\/wp-json\/wp\/v2\/categories?post=2780"},{"taxonomy":"post_tag","embeddable":true,"href":"https:\/\/isfd106-bue.infd.edu.ar\/sitio\/wp-json\/wp\/v2\/tags?post=2780"}],"curies":[{"name":"wp","href":"https:\/\/api.w.org\/{rel}","templated":true}]}}