{"id":2773,"date":"2022-04-20T15:03:55","date_gmt":"2022-04-20T18:03:55","guid":{"rendered":"https:\/\/isfd106-bue.infd.edu.ar\/sitio\/?p=2773"},"modified":"2022-04-20T15:03:56","modified_gmt":"2022-04-20T18:03:56","slug":"turno-vespertino-paro-de-transporte","status":"publish","type":"post","link":"https:\/\/isfd106-bue.infd.edu.ar\/sitio\/turno-vespertino-paro-de-transporte\/","title":{"rendered":"Turno vespertino- Paro de Transporte"},"content":{"rendered":"\n<p>Buenas tardes se informa a todos los estudiantes que debido al <strong>Paro de transporte decretado para el d\u00eda de hoy (20 de abril<\/strong>) a&nbsp;&nbsp;trav\u00e9s de un comunicado por la C\u00e1mara Empresaria de Autotransporte de Pasajeros (CEPA), la C\u00e1mara Empresaria del Transporte Urbano de Buenos Aires (CETUBA) y la C\u00e1mara de Transporte de la provincia de Buenos Aires (CTPBA) <strong>se dictar\u00e1n&nbsp;<\/strong><strong>clases hasta las 20.30 horas.<\/strong><\/p>\n\n\n\n<p>Dicho paro inicia a las 22.00 horas hasta las 06.00 hs&nbsp;<\/p>\n\n\n\n<p>Muchas Gracias,<\/p>\n\n\n\n<p>Equipo Directivo&nbsp;<\/p>\n","protected":false},"excerpt":{"rendered":"<p>Buenas tardes se informa a todos los estudiantes que debido al Paro de transporte decretado para el d\u00eda de hoy (20 de abril) a&nbsp;&nbsp;trav\u00e9s de un comunicado por la C\u00e1mara Empresaria de Autotransporte de Pasajeros (CEPA), la C\u00e1mara Empresaria del Transporte Urbano de Buenos Aires (CETUBA) y la C\u00e1mara de Transporte de la provincia de &#8230; <a title=\"Turno vespertino- Paro de Transporte\" class=\"read-more\" href=\"https:\/\/isfd106-bue.infd.edu.ar\/sitio\/turno-vespertino-paro-de-transporte\/\" aria-label=\"More on Turno vespertino- Paro de Transporte\">[+]<\/a><\/p>\n","protected":false},"author":588,"featured_media":0,"comment_status":"open","ping_status":"open","sticky":false,"template":"","format":"standard","meta":[],"categories":[1],"tags":[],"acf":[],"_links":{"self":[{"href":"https:\/\/isfd106-bue.infd.edu.ar\/sitio\/wp-json\/wp\/v2\/posts\/2773"}],"collection":[{"href":"https:\/\/isfd106-bue.infd.edu.ar\/sitio\/wp-json\/wp\/v2\/posts"}],"about":[{"href":"https:\/\/isfd106-bue.infd.edu.ar\/sitio\/wp-json\/wp\/v2\/types\/post"}],"author":[{"embeddable":true,"href":"https:\/\/isfd106-bue.infd.edu.ar\/sitio\/wp-json\/wp\/v2\/users\/588"}],"replies":[{"embeddable":true,"href":"https:\/\/isfd106-bue.infd.edu.ar\/sitio\/wp-json\/wp\/v2\/comments?post=2773"}],"version-history":[{"count":1,"href":"https:\/\/isfd106-bue.infd.edu.ar\/sitio\/wp-json\/wp\/v2\/posts\/2773\/revisions"}],"predecessor-version":[{"id":2774,"href":"https:\/\/isfd106-bue.infd.edu.ar\/sitio\/wp-json\/wp\/v2\/posts\/2773\/revisions\/2774"}],"wp:attachment":[{"href":"https:\/\/isfd106-bue.infd.edu.ar\/sitio\/wp-json\/wp\/v2\/media?parent=2773"}],"wp:term":[{"taxonomy":"category","embeddable":true,"href":"https:\/\/isfd106-bue.infd.edu.ar\/sitio\/wp-json\/wp\/v2\/categories?post=2773"},{"taxonomy":"post_tag","embeddable":true,"href":"https:\/\/isfd106-bue.infd.edu.ar\/sitio\/wp-json\/wp\/v2\/tags?post=2773"}],"curies":[{"name":"wp","href":"https:\/\/api.w.org\/{rel}","templated":true}]}}