{"id":2706,"date":"2022-03-11T23:15:36","date_gmt":"2022-03-12T02:15:36","guid":{"rendered":"https:\/\/isfd106-bue.infd.edu.ar\/sitio\/?p=2706"},"modified":"2022-03-11T23:19:33","modified_gmt":"2022-03-12T02:19:33","slug":"fotos-de-acto-de-egreso","status":"publish","type":"post","link":"https:\/\/isfd106-bue.infd.edu.ar\/sitio\/fotos-de-acto-de-egreso\/","title":{"rendered":"Fotos de Actos de Colaci\u00f3n del 2, 3 y 4 de marzo"},"content":{"rendered":"\n<p>Informamos a todos nuestros egresados que participaron de los actos del 2, 3 y 4 de marzo que ya est\u00e1n las fotos que encargaron. Pueden pasar a retirarlas los d\u00edas lunes y martes de 18.30 a 21.00 horas, mi\u00e9rcoles y jueves de 9.00 a 11.00 horas y viernes de 18.30 a 21.00 horas.  Preguntar por M\u00f3nica Aiassa regente. Muchas Gracias <\/p>\n","protected":false},"excerpt":{"rendered":"<p>Informamos a todos nuestros egresados que participaron de los actos del 2, 3 y 4 de marzo que ya est\u00e1n las fotos que encargaron. Pueden pasar a retirarlas los d\u00edas lunes y martes de 18.30 a 21.00 horas, mi\u00e9rcoles y jueves de 9.00 a 11.00 horas y viernes de 18.30 a 21.00 horas. Preguntar por &#8230; <a title=\"Fotos de Actos de Colaci\u00f3n del 2, 3 y 4 de marzo\" class=\"read-more\" href=\"https:\/\/isfd106-bue.infd.edu.ar\/sitio\/fotos-de-acto-de-egreso\/\" aria-label=\"More on Fotos de Actos de Colaci\u00f3n del 2, 3 y 4 de marzo\">[+]<\/a><\/p>\n","protected":false},"author":588,"featured_media":0,"comment_status":"open","ping_status":"open","sticky":false,"template":"","format":"standard","meta":[],"categories":[1,6],"tags":[],"acf":[],"_links":{"self":[{"href":"https:\/\/isfd106-bue.infd.edu.ar\/sitio\/wp-json\/wp\/v2\/posts\/2706"}],"collection":[{"href":"https:\/\/isfd106-bue.infd.edu.ar\/sitio\/wp-json\/wp\/v2\/posts"}],"about":[{"href":"https:\/\/isfd106-bue.infd.edu.ar\/sitio\/wp-json\/wp\/v2\/types\/post"}],"author":[{"embeddable":true,"href":"https:\/\/isfd106-bue.infd.edu.ar\/sitio\/wp-json\/wp\/v2\/users\/588"}],"replies":[{"embeddable":true,"href":"https:\/\/isfd106-bue.infd.edu.ar\/sitio\/wp-json\/wp\/v2\/comments?post=2706"}],"version-history":[{"count":3,"href":"https:\/\/isfd106-bue.infd.edu.ar\/sitio\/wp-json\/wp\/v2\/posts\/2706\/revisions"}],"predecessor-version":[{"id":2709,"href":"https:\/\/isfd106-bue.infd.edu.ar\/sitio\/wp-json\/wp\/v2\/posts\/2706\/revisions\/2709"}],"wp:attachment":[{"href":"https:\/\/isfd106-bue.infd.edu.ar\/sitio\/wp-json\/wp\/v2\/media?parent=2706"}],"wp:term":[{"taxonomy":"category","embeddable":true,"href":"https:\/\/isfd106-bue.infd.edu.ar\/sitio\/wp-json\/wp\/v2\/categories?post=2706"},{"taxonomy":"post_tag","embeddable":true,"href":"https:\/\/isfd106-bue.infd.edu.ar\/sitio\/wp-json\/wp\/v2\/tags?post=2706"}],"curies":[{"name":"wp","href":"https:\/\/api.w.org\/{rel}","templated":true}]}}