{"id":2704,"date":"2022-03-11T12:06:26","date_gmt":"2022-03-11T15:06:26","guid":{"rendered":"https:\/\/isfd106-bue.infd.edu.ar\/sitio\/?p=2704"},"modified":"2022-03-13T09:42:29","modified_gmt":"2022-03-13T12:42:29","slug":"reunion-informativa-por-cambio-de-plan-profesorado-de-matematica","status":"publish","type":"post","link":"https:\/\/isfd106-bue.infd.edu.ar\/sitio\/reunion-informativa-por-cambio-de-plan-profesorado-de-matematica\/","title":{"rendered":"Reuni\u00f3n informativa por cambio del Plan viejo al Plan nuevo Profesorado de Matem\u00e1tica"},"content":{"rendered":"\n<p>Se les recuerda a todos los estudiantes de la carrera Profesorado de Matem\u00e1tica que el d\u00eda 14 de marzo a las 19.00 horas se realizar\u00e1 la reuni\u00f3n por cambio de plan.  Es solo para los que est\u00e1n  en Plan viejo anterior al 2018. La misma se llevar\u00e1 a cabo de manera presencial y es obligatoria la presencia. <\/p>\n\n\n\n<p>Muchas gracias <\/p>\n\n\n\n<p>Equipo Directivo <\/p>\n\n\n\n<h5 class=\"wp-block-heading\"><\/h5>\n","protected":false},"excerpt":{"rendered":"<p>Se les recuerda a todos los estudiantes de la carrera Profesorado de Matem\u00e1tica que el d\u00eda 14 de marzo a las 19.00 horas se realizar\u00e1 la reuni\u00f3n por cambio de plan. Es solo para los que est\u00e1n en Plan viejo anterior al 2018. La misma se llevar\u00e1 a cabo de manera presencial y es obligatoria &#8230; <a title=\"Reuni\u00f3n informativa por cambio del Plan viejo al Plan nuevo Profesorado de Matem\u00e1tica\" class=\"read-more\" href=\"https:\/\/isfd106-bue.infd.edu.ar\/sitio\/reunion-informativa-por-cambio-de-plan-profesorado-de-matematica\/\" aria-label=\"More on Reuni\u00f3n informativa por cambio del Plan viejo al Plan nuevo Profesorado de Matem\u00e1tica\">[+]<\/a><\/p>\n","protected":false},"author":588,"featured_media":0,"comment_status":"open","ping_status":"open","sticky":false,"template":"","format":"standard","meta":[],"categories":[1,6],"tags":[],"acf":[],"_links":{"self":[{"href":"https:\/\/isfd106-bue.infd.edu.ar\/sitio\/wp-json\/wp\/v2\/posts\/2704"}],"collection":[{"href":"https:\/\/isfd106-bue.infd.edu.ar\/sitio\/wp-json\/wp\/v2\/posts"}],"about":[{"href":"https:\/\/isfd106-bue.infd.edu.ar\/sitio\/wp-json\/wp\/v2\/types\/post"}],"author":[{"embeddable":true,"href":"https:\/\/isfd106-bue.infd.edu.ar\/sitio\/wp-json\/wp\/v2\/users\/588"}],"replies":[{"embeddable":true,"href":"https:\/\/isfd106-bue.infd.edu.ar\/sitio\/wp-json\/wp\/v2\/comments?post=2704"}],"version-history":[{"count":3,"href":"https:\/\/isfd106-bue.infd.edu.ar\/sitio\/wp-json\/wp\/v2\/posts\/2704\/revisions"}],"predecessor-version":[{"id":2712,"href":"https:\/\/isfd106-bue.infd.edu.ar\/sitio\/wp-json\/wp\/v2\/posts\/2704\/revisions\/2712"}],"wp:attachment":[{"href":"https:\/\/isfd106-bue.infd.edu.ar\/sitio\/wp-json\/wp\/v2\/media?parent=2704"}],"wp:term":[{"taxonomy":"category","embeddable":true,"href":"https:\/\/isfd106-bue.infd.edu.ar\/sitio\/wp-json\/wp\/v2\/categories?post=2704"},{"taxonomy":"post_tag","embeddable":true,"href":"https:\/\/isfd106-bue.infd.edu.ar\/sitio\/wp-json\/wp\/v2\/tags?post=2704"}],"curies":[{"name":"wp","href":"https:\/\/api.w.org\/{rel}","templated":true}]}}