{"id":2660,"date":"2022-02-25T09:37:08","date_gmt":"2022-02-25T12:37:08","guid":{"rendered":"https:\/\/isfd106-bue.infd.edu.ar\/sitio\/?p=2660"},"modified":"2022-02-25T09:47:43","modified_gmt":"2022-02-25T12:47:43","slug":"atencion-al-publico-los-dias-2-3-y-4-de-marzo","status":"publish","type":"post","link":"https:\/\/isfd106-bue.infd.edu.ar\/sitio\/atencion-al-publico-los-dias-2-3-y-4-de-marzo\/","title":{"rendered":"Atenci\u00f3n al p\u00fablico los d\u00edas 2, 3 y 4 de marzo"},"content":{"rendered":"\n<p>Buenos d\u00edas informamos que los d\u00edas 2, 3 y 4 de marzo de 2022&nbsp;<strong>no habr\u00e1 atenci\u00f3n al p\u00fablico ni atenci\u00f3n en preceptor\u00eda&nbsp;<\/strong>&nbsp;en el&nbsp;turno vespertino&nbsp;&nbsp;porque tenemos los actos de colaci\u00f3n por carreras de egresados 2019-2020 yo todo el personal docente participar\u00e1 de este evento.&nbsp;<\/p>\n\n\n\n<p>Muchas Gracias<\/p>\n\n\n\n<p>Equipo Directivo&nbsp;<\/p>\n","protected":false},"excerpt":{"rendered":"<p>Buenos d\u00edas informamos que los d\u00edas 2, 3 y 4 de marzo de 2022&nbsp;no habr\u00e1 atenci\u00f3n al p\u00fablico ni atenci\u00f3n en preceptor\u00eda&nbsp;&nbsp;en el&nbsp;turno vespertino&nbsp;&nbsp;porque tenemos los actos de colaci\u00f3n por carreras de egresados 2019-2020 yo todo el personal docente participar\u00e1 de este evento.&nbsp; Muchas Gracias Equipo Directivo&nbsp;<\/p>\n","protected":false},"author":588,"featured_media":0,"comment_status":"open","ping_status":"open","sticky":true,"template":"","format":"standard","meta":[],"categories":[7,1,6],"tags":[],"acf":[],"_links":{"self":[{"href":"https:\/\/isfd106-bue.infd.edu.ar\/sitio\/wp-json\/wp\/v2\/posts\/2660"}],"collection":[{"href":"https:\/\/isfd106-bue.infd.edu.ar\/sitio\/wp-json\/wp\/v2\/posts"}],"about":[{"href":"https:\/\/isfd106-bue.infd.edu.ar\/sitio\/wp-json\/wp\/v2\/types\/post"}],"author":[{"embeddable":true,"href":"https:\/\/isfd106-bue.infd.edu.ar\/sitio\/wp-json\/wp\/v2\/users\/588"}],"replies":[{"embeddable":true,"href":"https:\/\/isfd106-bue.infd.edu.ar\/sitio\/wp-json\/wp\/v2\/comments?post=2660"}],"version-history":[{"count":1,"href":"https:\/\/isfd106-bue.infd.edu.ar\/sitio\/wp-json\/wp\/v2\/posts\/2660\/revisions"}],"predecessor-version":[{"id":2661,"href":"https:\/\/isfd106-bue.infd.edu.ar\/sitio\/wp-json\/wp\/v2\/posts\/2660\/revisions\/2661"}],"wp:attachment":[{"href":"https:\/\/isfd106-bue.infd.edu.ar\/sitio\/wp-json\/wp\/v2\/media?parent=2660"}],"wp:term":[{"taxonomy":"category","embeddable":true,"href":"https:\/\/isfd106-bue.infd.edu.ar\/sitio\/wp-json\/wp\/v2\/categories?post=2660"},{"taxonomy":"post_tag","embeddable":true,"href":"https:\/\/isfd106-bue.infd.edu.ar\/sitio\/wp-json\/wp\/v2\/tags?post=2660"}],"curies":[{"name":"wp","href":"https:\/\/api.w.org\/{rel}","templated":true}]}}