{"id":2466,"date":"2021-11-03T08:59:31","date_gmt":"2021-11-03T11:59:31","guid":{"rendered":"https:\/\/isfd106-bue.infd.edu.ar\/sitio\/?p=2466"},"modified":"2021-11-29T09:34:22","modified_gmt":"2021-11-29T12:34:22","slug":"agenda-cronograma-noviembre-diciembre-2021-febrero-marzo-abril-2022","status":"publish","type":"post","link":"https:\/\/isfd106-bue.infd.edu.ar\/sitio\/agenda-cronograma-noviembre-diciembre-2021-febrero-marzo-abril-2022\/","title":{"rendered":"Agenda Cronograma Noviembre-Diciembre 2021\/Febrero-  Marzo &#8211; Abril 2022"},"content":{"rendered":"\n<h5 class=\"wp-block-heading\"><strong>8 al 11 de noviembre<\/strong><\/h5>\n\n\n\n<p><strong>Se realizar\u00e1 una reuni\u00f3n informativa para aspirantes de 1\u00b0 a\u00f1o 2021 de todas las carreras, acerca de Inscripci\u00f3n y modalidades para mesas de ex\u00e1menes.<\/strong><\/p>\n\n\n\n<ul><li>1\u00b01\u00aa y 1\u00b02\u00aa:&nbsp; <strong>8\/11 18.30 horas<\/strong><\/li><li>1\u00b06\u00aa &#8211; 1\u00b07\u00aa &#8211; 1\u00b08\u00aa &#8211; 1\u00b010\u00aa: <strong>9\/11 18.30horas.<\/strong>&nbsp;<\/li><li>1\u00b03\u00aa y 1\u00b09\u00aa: <strong>10\/11 10.00 horas<\/strong><\/li><li><strong>1\u00b04\u00aa &#8211; 1\u00b05\u00aa: 11\/11 18.30 horas<\/strong><\/li><\/ul>\n\n\n\n<h5 class=\"wp-block-heading\"><strong>12 al 16 de noviembre<\/strong><\/h5>\n\n\n\n<p><strong>Inscripci\u00f3n a finales<\/strong> Turno: Noviembre\/Diciembre 2021. Inscripci\u00f3n <strong>on line<\/strong>: los formularios estar\u00e1n abiertos las 24 horas de esos d\u00edas. Luego una vez cerrados&nbsp;no se agregar\u00e1n estudiantes a los listados<\/p>\n\n\n\n<h5 class=\"wp-block-heading\"><strong>12&nbsp; de noviembre<\/strong><\/h5>\n\n\n\n<p><strong>Finalizaci\u00f3n del 2\u00b0cuatrimestre<\/strong> con recuperatorio incluido<\/p>\n\n\n\n<h5 class=\"wp-block-heading\">Martes 16 de noviembre<\/h5>\n\n\n\n<p><strong>Cierre de avances acad\u00e9micos<\/strong> de materias<\/p>\n\n\n\n<h5 class=\"wp-block-heading\"><strong>Martes 23 de noviembre<\/strong><\/h5>\n\n\n\n<p><strong>Inicio Mesas de ex\u00e1menes<\/strong>: se indica en el cronograma de mesas de examen si la misma es presencial o virtual. Las pautas de evaluaci\u00f3n de cada materia ser\u00e1n publicadas en el aula correspondiente<\/p>\n\n\n\n<h5 class=\"wp-block-heading\"><strong>Mi\u00e9rcoles 24 de noviembre<\/strong><\/h5>\n\n\n\n<p><strong>Cierre de Tramos \u2013 EDI \u2013 TFO \u2013 Pr\u00e1ctica \u2013 Ateneos \u2013 Seminarios y Talleres<\/strong><\/p>\n\n\n\n<h5 class=\"wp-block-heading\"><strong>Mi\u00e9rcoles 1 de diciembre<\/strong><\/h5>\n\n\n\n<p><strong>Inscripciones de ingresantes 2022: se realiza de modo virtual y hasta completar CUPOS POR CARRERA. A partir de esta fecha se informar\u00e1 la fecha y modo de inscripci\u00f3n<\/strong><\/p>\n\n\n\n<h5 class=\"wp-block-heading\"><strong>1 al 3 de diciembre<\/strong><\/h5>\n\n\n\n<h5 class=\"wp-block-heading\"><strong>&nbsp;<\/strong><strong>Reuniones informativas para aspirantes a ingreso 2022<\/strong><\/h5>\n\n\n\n<ul><li><strong>1\u00b0 de diciembre: 18:30 hs: <em>Educaci\u00f3n Primaria<\/em><\/strong><\/li><li><strong>2 de diciembre: 18:30 hs. <em>Matem\u00e1tica<\/em><\/strong><\/li><li><strong>3 de diciembre: 18:30 hs. <em>Biolog\u00eda- F\u00edsica y Qu\u00edmica<\/em><\/strong><\/li><\/ul>\n\n\n\n<h5 class=\"wp-block-heading\"><strong>26 al 29 de diciembre<\/strong><\/h5>\n\n\n\n<ul><li><strong>Inscripci\u00f3n a finales Turno<\/strong>: Febrero\/Marzo 2022. Inscripci\u00f3n <strong>on line<\/strong>: los formularios estar\u00e1n abiertos las 24 horas de esos d\u00edas. <em>Luego una vez cerrados&nbsp;no se agregar\u00e1n estudiantes a los listados<\/em><\/li><\/ul>\n\n\n\n<h2 class=\"wp-block-heading\">2022<\/h2>\n\n\n\n<h5 class=\"wp-block-heading\">15 de febrero<\/h5>\n\n\n\n<ul><li><strong>Inicio atenci\u00f3n de preceptor\u00eda, biblioteca y fonoaudiolog\u00eda.<\/strong><\/li><\/ul>\n\n\n\n<h5 class=\"wp-block-heading\"><strong>15 al 22 de febrero<\/strong><\/h5>\n\n\n\n<ul><li><strong>Solicitudes de Pase y Solicitud de reincorporaci\u00f3n<\/strong>: Se ampliar\u00e1 la informaci\u00f3n. Presentaci\u00f3n de nota de solicitud de vacante al ED, Anal\u00edtico parcial, fotocopia del DNI.<\/li><\/ul>\n\n\n\n<h5 class=\"wp-block-heading\"><strong>17 de febrero al 23 de marzo<\/strong><\/h5>\n\n\n\n<ul><li><strong>Mesas ex\u00e1mene<\/strong>s turno Febrero\/Marzo 2022<\/li><\/ul>\n\n\n\n<h5 class=\"wp-block-heading\"><strong>Mi\u00e9rcoles 9 y jueves 10 de marzo<\/strong><\/h5>\n\n\n\n<ul><li><strong>Solicitud de cambio de turno\/carrera dentro del mismo instituto<\/strong>.<\/li><\/ul>\n\n\n\n<h5 class=\"wp-block-heading\"><strong>2 al 4 de marzo<\/strong><\/h5>\n\n\n\n<p><strong>Actos de Colaci\u00f3n Egresados 2019\/2020<\/strong>: Se informar\u00e1 su realizaci\u00f3n: 1 d\u00eda por carrera ambas promociones: 2020\/2021 (Egresados diciembre 2019 hasta el turno agosto 2021)<\/p>\n\n\n\n<ul><li><em><strong>2 de marzo<\/strong> F\u00edsica y Qu\u00edmica<\/em><\/li><li><em><strong>3 de marzo<\/strong> Matem\u00e1tica<\/em><\/li><li><strong><em>4 de marzo <\/em><\/strong><em>Educaci\u00f3n Primaria<\/em><\/li><\/ul>\n\n\n\n<h5 class=\"wp-block-heading\">&nbsp;<strong>28 de marzo al 8 de abril<\/strong><\/h5>\n\n\n\n<ul><li><strong>Per\u00edodo de Trayecto Formativo Complementario<\/strong> (TFC)<\/li><\/ul>\n\n\n\n<h5 class=\"wp-block-heading\"><strong>9 al 12 de abril<\/strong><\/h5>\n\n\n\n<ul><li><strong>Inscripciones a materias<\/strong> a cursar ciclo 2022: <strong>2\u00b0 a 4\u00b0<\/strong> a\u00f1o. Se realizar\u00e1 de modo <strong>on line<\/strong><\/li><\/ul>\n\n\n\n<h5 class=\"wp-block-heading\">13 de abril<\/h5>\n\n\n\n<ul><li><strong>Inscripci\u00f3n a materias a cursar<\/strong> ciclo 2022: <strong>1\u00b0<\/strong> a\u00f1o ingresantes y recursantes de manera <strong>on line<\/strong>.<\/li><\/ul>\n\n\n\n<p><\/p>\n","protected":false},"excerpt":{"rendered":"<p>8 al 11 de noviembre Se realizar\u00e1 una reuni\u00f3n informativa para aspirantes de 1\u00b0 a\u00f1o 2021 de todas las carreras, acerca de Inscripci\u00f3n y modalidades para mesas de ex\u00e1menes. 1\u00b01\u00aa y 1\u00b02\u00aa:&nbsp; 8\/11 18.30 horas 1\u00b06\u00aa &#8211; 1\u00b07\u00aa &#8211; 1\u00b08\u00aa &#8211; 1\u00b010\u00aa: 9\/11 18.30horas.&nbsp; 1\u00b03\u00aa y 1\u00b09\u00aa: 10\/11 10.00 horas 1\u00b04\u00aa &#8211; 1\u00b05\u00aa: 11\/11 18.30 &#8230; <a title=\"Agenda Cronograma Noviembre-Diciembre 2021\/Febrero-  Marzo &#8211; Abril 2022\" class=\"read-more\" href=\"https:\/\/isfd106-bue.infd.edu.ar\/sitio\/agenda-cronograma-noviembre-diciembre-2021-febrero-marzo-abril-2022\/\" aria-label=\"More on Agenda Cronograma Noviembre-Diciembre 2021\/Febrero-  Marzo &#8211; Abril 2022\">[+]<\/a><\/p>\n","protected":false},"author":588,"featured_media":0,"comment_status":"closed","ping_status":"open","sticky":false,"template":"","format":"standard","meta":[],"categories":[7,1,6],"tags":[],"acf":[],"_links":{"self":[{"href":"https:\/\/isfd106-bue.infd.edu.ar\/sitio\/wp-json\/wp\/v2\/posts\/2466"}],"collection":[{"href":"https:\/\/isfd106-bue.infd.edu.ar\/sitio\/wp-json\/wp\/v2\/posts"}],"about":[{"href":"https:\/\/isfd106-bue.infd.edu.ar\/sitio\/wp-json\/wp\/v2\/types\/post"}],"author":[{"embeddable":true,"href":"https:\/\/isfd106-bue.infd.edu.ar\/sitio\/wp-json\/wp\/v2\/users\/588"}],"replies":[{"embeddable":true,"href":"https:\/\/isfd106-bue.infd.edu.ar\/sitio\/wp-json\/wp\/v2\/comments?post=2466"}],"version-history":[{"count":1,"href":"https:\/\/isfd106-bue.infd.edu.ar\/sitio\/wp-json\/wp\/v2\/posts\/2466\/revisions"}],"predecessor-version":[{"id":2468,"href":"https:\/\/isfd106-bue.infd.edu.ar\/sitio\/wp-json\/wp\/v2\/posts\/2466\/revisions\/2468"}],"wp:attachment":[{"href":"https:\/\/isfd106-bue.infd.edu.ar\/sitio\/wp-json\/wp\/v2\/media?parent=2466"}],"wp:term":[{"taxonomy":"category","embeddable":true,"href":"https:\/\/isfd106-bue.infd.edu.ar\/sitio\/wp-json\/wp\/v2\/categories?post=2466"},{"taxonomy":"post_tag","embeddable":true,"href":"https:\/\/isfd106-bue.infd.edu.ar\/sitio\/wp-json\/wp\/v2\/tags?post=2466"}],"curies":[{"name":"wp","href":"https:\/\/api.w.org\/{rel}","templated":true}]}}