{"id":2272,"date":"2021-08-03T08:13:04","date_gmt":"2021-08-03T11:13:04","guid":{"rendered":"https:\/\/isfd106-bue.infd.edu.ar\/sitio\/?p=2272"},"modified":"2021-11-29T09:34:36","modified_gmt":"2021-11-29T12:34:36","slug":"2da-convocatoria-becas-progresar-2021","status":"publish","type":"post","link":"https:\/\/isfd106-bue.infd.edu.ar\/sitio\/2da-convocatoria-becas-progresar-2021\/","title":{"rendered":"2da Convocatoria Becas Progresar 2021"},"content":{"rendered":"\n<p>Informamos que se encuentra abierta la inscripci\u00f3n a las becas PROGRESAR para el nivel superior y los niveles obligatorios (finalizaci\u00f3n de la escolaridad obligatoria).<\/p>\n\n\n\n<p>La inscripci\u00f3n comenz\u00f3 el 1 de agosto y se extender\u00e1 hasta el 31 de agosto. El tr\u00e1mite para la solicitud de la beca se realiza a trav\u00e9s de la p\u00e1gina:<\/p>\n\n\n\n<p class=\"has-text-align-center\"><a href=\"https:\/\/www.argentina.gob.ar\/educacion\/progresar\">https:\/\/www.argentina.gob.ar\/educacion\/progresar<\/a><\/p>\n\n\n\n<p>seleccionando la opci\u00f3n \u201cInscripci\u00f3n Nivel Superior\u201d, o desde la aplicaci\u00f3n Progresar+ (disponible en Google Play o el App Store de Apple). Solamente se permite una inscripci\u00f3n, por uno de los dos medios.<\/p>\n\n\n\n<p>Si las\/los postulantes ya se inscribieron en alguna de las convocatorias anteriores ya cuenta con usuario y contrase\u00f1a. En caso de no recordar esta informaci\u00f3n, deber\u00e1n escribir a <a href=\"mailto:becassuperior_pba@abc.gob.ar\">becassuperior_pba@abc.gob.ar<\/a>.<\/p>\n\n\n\n<p>El sistema no permite subsanar errores una vez enviado el formulario de inscripci\u00f3n, por esta raz\u00f3n les recomendamos tomarse el tiempo necesario para completarlo y prestar atenci\u00f3n en la carga de la informaci\u00f3n.<\/p>\n\n\n\n<p>En el siguiente link podr\u00e1n visualizar la Resoluci\u00f3n correspondiente publicada en el Bolet\u00edn Oficial:<\/p>\n\n\n\n<p class=\"has-text-align-center\"><a href=\"https:\/\/www.boletinoficial.gob.ar\/detalleAviso\/primera\/247375\/20210727\">https:\/\/www.boletinoficial.gob.ar\/detalleAviso\/primera\/247375\/20210727<\/a><\/p>\n\n\n\n<p>Ante cualquier duda o consulta dirigirse a <a href=\"https:\/\/www.boletinoficial.gob.ar\/detalleAviso\/primera\/241740\/20210311\">becassuperior_pba@abc.gob.ar<\/a> .<\/p>\n","protected":false},"excerpt":{"rendered":"<p>Informamos que se encuentra abierta la inscripci\u00f3n a las becas PROGRESAR para el nivel superior y los niveles obligatorios (finalizaci\u00f3n de la escolaridad obligatoria). La inscripci\u00f3n comenz\u00f3 el 1 de agosto y se extender\u00e1 hasta el 31 de agosto. El tr\u00e1mite para la solicitud de la beca se realiza a trav\u00e9s de la p\u00e1gina: https:\/\/www.argentina.gob.ar\/educacion\/progresar &#8230; <a title=\"2da Convocatoria Becas Progresar 2021\" class=\"read-more\" href=\"https:\/\/isfd106-bue.infd.edu.ar\/sitio\/2da-convocatoria-becas-progresar-2021\/\" aria-label=\"More on 2da Convocatoria Becas Progresar 2021\">[+]<\/a><\/p>\n","protected":false},"author":520,"featured_media":0,"comment_status":"closed","ping_status":"open","sticky":false,"template":"","format":"standard","meta":[],"categories":[7],"tags":[15],"acf":[],"_links":{"self":[{"href":"https:\/\/isfd106-bue.infd.edu.ar\/sitio\/wp-json\/wp\/v2\/posts\/2272"}],"collection":[{"href":"https:\/\/isfd106-bue.infd.edu.ar\/sitio\/wp-json\/wp\/v2\/posts"}],"about":[{"href":"https:\/\/isfd106-bue.infd.edu.ar\/sitio\/wp-json\/wp\/v2\/types\/post"}],"author":[{"embeddable":true,"href":"https:\/\/isfd106-bue.infd.edu.ar\/sitio\/wp-json\/wp\/v2\/users\/520"}],"replies":[{"embeddable":true,"href":"https:\/\/isfd106-bue.infd.edu.ar\/sitio\/wp-json\/wp\/v2\/comments?post=2272"}],"version-history":[{"count":7,"href":"https:\/\/isfd106-bue.infd.edu.ar\/sitio\/wp-json\/wp\/v2\/posts\/2272\/revisions"}],"predecessor-version":[{"id":2279,"href":"https:\/\/isfd106-bue.infd.edu.ar\/sitio\/wp-json\/wp\/v2\/posts\/2272\/revisions\/2279"}],"wp:attachment":[{"href":"https:\/\/isfd106-bue.infd.edu.ar\/sitio\/wp-json\/wp\/v2\/media?parent=2272"}],"wp:term":[{"taxonomy":"category","embeddable":true,"href":"https:\/\/isfd106-bue.infd.edu.ar\/sitio\/wp-json\/wp\/v2\/categories?post=2272"},{"taxonomy":"post_tag","embeddable":true,"href":"https:\/\/isfd106-bue.infd.edu.ar\/sitio\/wp-json\/wp\/v2\/tags?post=2272"}],"curies":[{"name":"wp","href":"https:\/\/api.w.org\/{rel}","templated":true}]}}