{"id":2235,"date":"2021-06-23T14:40:31","date_gmt":"2021-06-23T17:40:31","guid":{"rendered":"https:\/\/isfd106-bue.infd.edu.ar\/sitio\/?p=2235"},"modified":"2021-11-29T09:34:45","modified_gmt":"2021-11-29T12:34:45","slug":"entrega-de-titulos","status":"publish","type":"post","link":"https:\/\/isfd106-bue.infd.edu.ar\/sitio\/entrega-de-titulos\/","title":{"rendered":"Entrega de t\u00edtulos!!!"},"content":{"rendered":"<p>Informamos a los siguientes egresados que los d\u00edas<strong> jueves 24 y viernes 25 de junio\u00a0 de 16 a 18 hs<\/strong> <strong>entregaremos en forma presencial los t\u00edtulos en el instituto.<\/strong><\/p>\n<p><em>La entrega es personal, en caso de no poder asistir deber\u00e1n enviar a otra persona con autorizaci\u00f3n escrita (indicando sus datos) firmada y con copia del DNI.<\/em><\/p>\n<p style=\"text-align: center;\"><span style=\"color: #ff6600;\">L\u00f3pez, Ivana Soledad<\/span><\/p>\n<p style=\"text-align: center;\"><span style=\"color: #ff6600;\">P\u00e9rez, Carla Fabiana<\/span><\/p>\n<p style=\"text-align: center;\"><span style=\"color: #ff6600;\">Ramasco, Brenda Abril<\/span><\/p>\n<p style=\"text-align: center;\"><span style=\"color: #ff6600;\">Santill\u00e1n Da Silva, Hern\u00e1n Mat\u00edas<\/span><\/p>\n<p style=\"text-align: center;\"><span style=\"color: #ff6600;\">Pilla, Carolina Bel\u00e9n<\/span><\/p>\n<p style=\"text-align: center;\"><span style=\"color: #ff6600;\">Dom\u00ednguez, Dami\u00e1n Alexis<\/span><\/p>\n<p style=\"text-align: center;\"><span style=\"color: #ff6600;\">L\u00f3pez, Lorna Vanesa<\/span><\/p>\n<p style=\"text-align: center;\"><span style=\"color: #ff6600;\">Gagliardino Puig, Facundo Ricardo<\/span><\/p>\n<p style=\"text-align: center;\"><span style=\"color: #ff6600;\">Rodr\u00edguez, Lucas Fernando Mat\u00edas<\/span><\/p>\n<p style=\"text-align: center;\"><span style=\"color: #ff6600;\">Fern\u00e1ndez, Sabrina Elizabeth<\/span><\/p>\n<p style=\"text-align: center;\"><span style=\"color: #ff6600;\">Acevedo, Sergio Ezequiel<\/span><\/p>\n<p style=\"text-align: center;\"><span style=\"color: #ff6600;\">Visciglia, Alexis Emanuel<\/span><\/p>\n<p style=\"text-align: center;\"><span style=\"color: #ff6600;\">Coria, Diego Fernando<\/span><\/p>\n<p style=\"text-align: center;\"><span style=\"color: #ff6600;\">Jaime, Karen Betiana<\/span><\/p>\n<p style=\"text-align: center;\"><span style=\"color: #ff6600;\">Serrano, Adri\u00e1n Gerardo<\/span><\/p>\n<p style=\"text-align: center;\"><span style=\"color: #ff6600;\">Petracca, Nicol\u00e1s Daniel<\/span><\/p>\n<p style=\"text-align: center;\"><span style=\"color: #ff6600;\">Jutz, Nadia Cintia Itat\u00ed<\/span><\/p>\n<p style=\"text-align: center;\"><span style=\"color: #ff6600;\">Penida, Nicole Andrea<\/span><\/p>\n<p style=\"text-align: center;\"><span style=\"color: #ff6600;\">Suarez, Ra\u00fal Alejandro<\/span><\/p>\n<p style=\"text-align: center;\"><span style=\"color: #ff6600;\">Cajal, Graciela Isabel<\/span><\/p>\n<p style=\"text-align: center;\"><span style=\"color: #ff6600;\">Varela, Fabio Germ\u00e1n<\/span><\/p>\n<p style=\"text-align: center;\"><span style=\"color: #ff6600;\">Almada, Micaela Anah\u00ed<\/span><\/p>\n<p style=\"text-align: center;\"><span style=\"color: #ff6600;\">Escurra Rojas, Fabiana<\/span><\/p>\n<p style=\"text-align: center;\"><span style=\"color: #ff6600;\">Pacheco, Camila<\/span><\/p>\n<p style=\"text-align: center;\"><span style=\"color: #ff6600;\">Garc\u00eda, Cynthia Daniela<\/span><\/p>\n<p style=\"text-align: center;\"><span style=\"color: #ff6600;\">Pozar, Juan Miguel<\/span><\/p>\n<p style=\"text-align: center;\"><span style=\"color: #ff6600;\">Mielniczuk, Exequiel Antonio<\/span><\/p>\n<p style=\"text-align: center;\"><span style=\"color: #ff6600;\">S\u00e1nchez, Sabrina Jimena<\/span><\/p>\n<p style=\"text-align: center;\"><span style=\"color: #ff6600;\">Zocine, Jesica Paola<\/span><\/p>\n<p style=\"text-align: center;\"><span style=\"color: #ff6600;\">Bessone, Noeli Mariel<\/span><\/p>\n<p style=\"text-align: center;\"><span style=\"color: #ff6600;\">Pugliese, Luisina Eliana<\/span><\/p>\n<p style=\"text-align: center;\"><span style=\"color: #ff6600;\">Billiani, Clara Nazarena<\/span><\/p>\n<p style=\"text-align: center;\"><span style=\"color: #ff6600;\">Aguilera, Camila Yazm\u00edn<\/span><\/p>\n<p style=\"text-align: center;\"><span style=\"color: #ff6600;\">Gonz\u00e1lez Monserrat, Guadalupe<\/span><\/p>\n<p style=\"text-align: center;\"><span style=\"color: #ff6600;\">Salinas Pilonitis, Kateryne Paula<\/span><\/p>\n<p style=\"text-align: center;\"><span style=\"color: #ff6600;\">Ruiz, Mariana Soledad<\/span><\/p>\n<p style=\"text-align: center;\"><span style=\"color: #ff6600;\">Zappani, Micaela Soledad<\/span><\/p>\n<p style=\"text-align: center;\"><span style=\"color: #ff6600;\">Segovia, Roci\u00f3 Magali<\/span><\/p>\n<p style=\"text-align: center;\"><span style=\"color: #ff6600;\">Quintana, Natalia Anabela<\/span><\/p>\n<p style=\"text-align: center;\"><span style=\"color: #ff6600;\">Coronel, Vanesa Beatriz<\/span><\/p>\n<p style=\"text-align: center;\"><span style=\"color: #ff6600;\">Colapietro, Katia Mariana<\/span><\/p>\n<p style=\"text-align: center;\"><span style=\"color: #ff6600;\">Schteingart Maydana, Lucia Carolina<\/span><\/p>\n<p style=\"text-align: center;\"><span style=\"color: #ff6600;\">Calvezere Pollicino, Fiorella Bel\u00e9n<\/span><\/p>\n<p style=\"text-align: center;\"><span style=\"color: #ff6600;\">Aguirre, Nancy Jesica<\/span><\/p>\n<p style=\"text-align: center;\"><span style=\"color: #ff6600;\">S\u00e1nchez, Tania Carolina<\/span><\/p>\n<p style=\"text-align: center;\"><span style=\"color: #ff6600;\">Fedullo, Cintia Daniela<\/span><\/p>\n<p style=\"text-align: center;\"><span style=\"color: #ff6600;\">Aguilera, Mariel<\/span><\/p>\n<p style=\"text-align: center;\"><span style=\"color: #ff6600;\">Milazzotto, Jessica Antonella<\/span><\/p>\n<p style=\"text-align: center;\"><span style=\"color: #ff6600;\">\u00c1vila, Melany Sofia<\/span><\/p>\n<p style=\"text-align: center;\"><span style=\"color: #ff6600;\">Orellana, Ver\u00f3nica Noem\u00ed<\/span><\/p>\n<p style=\"text-align: center;\"><span style=\"color: #ff6600;\">Dominguez, Alba Andrea<\/span><\/p>\n<p style=\"text-align: center;\"><span style=\"color: #ff6600;\">Portillo, Sof\u00eda Soledad<\/span><\/p>\n<p style=\"text-align: center;\"><span style=\"color: #ff6600;\">Galparoli, Eliana de los \u00c1ngeles<\/span><\/p>\n<p style=\"text-align: center;\"><span style=\"color: #ff6600;\">Olita, Eliana Carolina<\/span><\/p>\n<p style=\"text-align: center;\"><span style=\"color: #ff6600;\">Segnorile, Florencia Trinidad<\/span><\/p>\n<p style=\"text-align: center;\"><span style=\"color: #ff6600;\">Echegaray, Norma Beatriz Esther<\/span><\/p>\n<p style=\"text-align: center;\">\n","protected":false},"excerpt":{"rendered":"<p>Informamos a los siguientes egresados que los d\u00edas jueves 24 y viernes 25 de junio\u00a0 de 16 a 18 hs entregaremos en forma presencial los t\u00edtulos en el instituto. La entrega es personal, en caso de no poder asistir deber\u00e1n enviar a otra persona con autorizaci\u00f3n escrita (indicando sus datos) firmada y con copia del &#8230; <a title=\"Entrega de t\u00edtulos!!!\" class=\"read-more\" href=\"https:\/\/isfd106-bue.infd.edu.ar\/sitio\/entrega-de-titulos\/\" aria-label=\"More on Entrega de t\u00edtulos!!!\">[+]<\/a><\/p>\n","protected":false},"author":589,"featured_media":0,"comment_status":"closed","ping_status":"open","sticky":false,"template":"","format":"standard","meta":[],"categories":[7,6],"tags":[],"acf":[],"_links":{"self":[{"href":"https:\/\/isfd106-bue.infd.edu.ar\/sitio\/wp-json\/wp\/v2\/posts\/2235"}],"collection":[{"href":"https:\/\/isfd106-bue.infd.edu.ar\/sitio\/wp-json\/wp\/v2\/posts"}],"about":[{"href":"https:\/\/isfd106-bue.infd.edu.ar\/sitio\/wp-json\/wp\/v2\/types\/post"}],"author":[{"embeddable":true,"href":"https:\/\/isfd106-bue.infd.edu.ar\/sitio\/wp-json\/wp\/v2\/users\/589"}],"replies":[{"embeddable":true,"href":"https:\/\/isfd106-bue.infd.edu.ar\/sitio\/wp-json\/wp\/v2\/comments?post=2235"}],"version-history":[{"count":1,"href":"https:\/\/isfd106-bue.infd.edu.ar\/sitio\/wp-json\/wp\/v2\/posts\/2235\/revisions"}],"predecessor-version":[{"id":2236,"href":"https:\/\/isfd106-bue.infd.edu.ar\/sitio\/wp-json\/wp\/v2\/posts\/2235\/revisions\/2236"}],"wp:attachment":[{"href":"https:\/\/isfd106-bue.infd.edu.ar\/sitio\/wp-json\/wp\/v2\/media?parent=2235"}],"wp:term":[{"taxonomy":"category","embeddable":true,"href":"https:\/\/isfd106-bue.infd.edu.ar\/sitio\/wp-json\/wp\/v2\/categories?post=2235"},{"taxonomy":"post_tag","embeddable":true,"href":"https:\/\/isfd106-bue.infd.edu.ar\/sitio\/wp-json\/wp\/v2\/tags?post=2235"}],"curies":[{"name":"wp","href":"https:\/\/api.w.org\/{rel}","templated":true}]}}