{"id":2131,"date":"2021-04-07T15:55:59","date_gmt":"2021-04-07T18:55:59","guid":{"rendered":"https:\/\/isfd106-bue.infd.edu.ar\/sitio\/?p=2131"},"modified":"2021-11-29T09:35:00","modified_gmt":"2021-11-29T12:35:00","slug":"inscripcion-a-curso-virtual-atr","status":"publish","type":"post","link":"https:\/\/isfd106-bue.infd.edu.ar\/sitio\/inscripcion-a-curso-virtual-atr\/","title":{"rendered":"INSCRIPCI\u00d3N A CURSO VIRTUAL ATR"},"content":{"rendered":"<div>\n<p dir=\"ltr\">Estimados estudiantes,<\/p>\n<p dir=\"ltr\">Les escribimos para informarles que el viernes 9 de abril a las 8hs. se abre la inscripci\u00f3n al curso virtual de la Direcci\u00f3n de Formaci\u00f3n Docente Permanente destinado a la formaci\u00f3n de los participantes del <strong>Programa de Acompa\u00f1amiento de las Trayectorias educativas y revinculaci\u00f3n, La experiencia ATR.<\/strong> <strong>Relatos y reflexiones para la formaci\u00f3n.<\/strong> En esta primera cohorte, que comienza en mayo y permite acreditar con puntaje el trayecto formativo iniciado como acompa\u00f1antes, podr\u00e1n inscribirse Docentes del Programa PIEDAS y graduados participantes del Programa ATR.<\/p>\n<p dir=\"ltr\">El objetivo de esta propuesta formativa es contribuir a la reflexi\u00f3n y a la construcci\u00f3n de un posicionamiento frente al derecho a la educaci\u00f3n y la igualdad, fortaleciendo la formaci\u00f3n en la ense\u00f1anza entendida como una pr\u00e1ctica social situada y con un sentido pedag\u00f3gico transformador de la realidad. Con tal motivo, la propuesta did\u00e1ctica propicia el di\u00e1logo, la reflexi\u00f3n y el intercambio de miradas en torno a las experiencias y registros de revinculaci\u00f3n y acompa\u00f1amiento, con el prop\u00f3sito de construir de un saber junto a\u00a0 otras y otros que permitan pensar y repensar la tarea, poniendo en el centro la responsabilidad de las y los docentes en la articulaci\u00f3n de las pol\u00edticas de cuidado y ense\u00f1anza.<\/p>\n<p dir=\"ltr\">Para inscribirse, <strong>los interesados e interesadas<\/strong> deber\u00e1n contar con cuenta @<a href=\"http:\/\/abc.gob.ar\/\" target=\"_blank\" rel=\"noopener\" data-saferedirecturl=\"https:\/\/www.google.com\/url?q=http:\/\/abc.gob.ar\/&amp;source=gmail&amp;ust=1617907874160000&amp;usg=AFQjCNFrxkyYIdhFKmw3xv5fmfMB_dEiMQ\">abc.gob.ar<\/a>. En caso de no tenerla a\u00fan, es necesario crearla previamente y con anticipaci\u00f3n, para luego poder acceder al formulario de inscripci\u00f3n destinado al curso. Para crear una cuenta abc es necesario ingresar en este enlace <a href=\"http:\/\/bit.ly\/autoregistroenabc\" target=\"_blank\" rel=\"noopener\" data-saferedirecturl=\"https:\/\/www.google.com\/url?q=http:\/\/bit.ly\/autoregistroenabc&amp;source=gmail&amp;ust=1617907874160000&amp;usg=AFQjCNFWMtmcneH5hmsFH-EqwAM3Ov8G4Q\">http:\/\/bit.ly\/<wbr \/>autoregistroenabc<\/a> y seguir el procedimiento explicado aqu\u00ed <a href=\"http:\/\/bit.ly\/tutorialdeautoregistroenabc\" target=\"_blank\" rel=\"noopener\" data-saferedirecturl=\"https:\/\/www.google.com\/url?q=http:\/\/bit.ly\/tutorialdeautoregistroenabc&amp;source=gmail&amp;ust=1617907874160000&amp;usg=AFQjCNE1iMbFr6CVJ5a7ulj-2kifT-3mvA\">http:\/\/bit.ly\/<wbr \/>tutorialdeautoregistroenabc<\/a> .<\/p>\n<p dir=\"ltr\">Podr\u00e1n ingresar e inscribirse en curso virtual a trav\u00e9s del formulario <a href=\"http:\/\/bit.ly\/dfdp2dacohorteatr\" target=\"_blank\" rel=\"noopener\" data-saferedirecturl=\"https:\/\/www.google.com\/url?q=http:\/\/bit.ly\/dfdp2dacohorteatr&amp;source=gmail&amp;ust=1617907874160000&amp;usg=AFQjCNG4vjWbjpo9hLFrXOTpU4iSCKQX2A\">http:\/\/bit.ly\/<wbr \/>dfdp2dacohorteatr<\/a><\/p>\n<p dir=\"ltr\"><strong>Fechas importantes<\/strong><\/p>\n<ul>\n<li dir=\"ltr\"><strong>Inscripci\u00f3n: a partir del viernes 9 de Abril &#8211; 8hs.<\/strong><\/li>\n<li dir=\"ltr\"><strong>Comienzo: 6 de Mayo<\/strong><\/li>\n<li dir=\"ltr\"><strong>Duraci\u00f3n: 8 semanas<\/strong><\/li>\n<\/ul>\n<\/div>\n<p dir=\"ltr\" style=\"text-align: right;\"><em>Direcci\u00f3n de Formaci\u00f3n Docente Inicial.<\/em><span style=\"font-size: large;\"><em>\u00a0<\/em><br \/>\n<\/span><\/p>\n<div class=\"yj6qo\"><\/div>\n<div class=\"adL\"><\/div>\n<div>\n<p dir=\"ltr\">\n<\/div>\n<div><\/div>\n","protected":false},"excerpt":{"rendered":"<p>Estimados estudiantes, Les escribimos para informarles que el viernes 9 de abril a las 8hs. se abre la inscripci\u00f3n al curso virtual de la Direcci\u00f3n de Formaci\u00f3n Docente Permanente destinado a la formaci\u00f3n de los participantes del Programa de Acompa\u00f1amiento de las Trayectorias educativas y revinculaci\u00f3n, La experiencia ATR. Relatos y reflexiones para la formaci\u00f3n. &#8230; <a title=\"INSCRIPCI\u00d3N A CURSO VIRTUAL ATR\" class=\"read-more\" href=\"https:\/\/isfd106-bue.infd.edu.ar\/sitio\/inscripcion-a-curso-virtual-atr\/\" aria-label=\"More on INSCRIPCI\u00d3N A CURSO VIRTUAL ATR\">[+]<\/a><\/p>\n","protected":false},"author":588,"featured_media":0,"comment_status":"closed","ping_status":"open","sticky":false,"template":"","format":"standard","meta":[],"categories":[6],"tags":[],"acf":[],"_links":{"self":[{"href":"https:\/\/isfd106-bue.infd.edu.ar\/sitio\/wp-json\/wp\/v2\/posts\/2131"}],"collection":[{"href":"https:\/\/isfd106-bue.infd.edu.ar\/sitio\/wp-json\/wp\/v2\/posts"}],"about":[{"href":"https:\/\/isfd106-bue.infd.edu.ar\/sitio\/wp-json\/wp\/v2\/types\/post"}],"author":[{"embeddable":true,"href":"https:\/\/isfd106-bue.infd.edu.ar\/sitio\/wp-json\/wp\/v2\/users\/588"}],"replies":[{"embeddable":true,"href":"https:\/\/isfd106-bue.infd.edu.ar\/sitio\/wp-json\/wp\/v2\/comments?post=2131"}],"version-history":[{"count":1,"href":"https:\/\/isfd106-bue.infd.edu.ar\/sitio\/wp-json\/wp\/v2\/posts\/2131\/revisions"}],"predecessor-version":[{"id":2132,"href":"https:\/\/isfd106-bue.infd.edu.ar\/sitio\/wp-json\/wp\/v2\/posts\/2131\/revisions\/2132"}],"wp:attachment":[{"href":"https:\/\/isfd106-bue.infd.edu.ar\/sitio\/wp-json\/wp\/v2\/media?parent=2131"}],"wp:term":[{"taxonomy":"category","embeddable":true,"href":"https:\/\/isfd106-bue.infd.edu.ar\/sitio\/wp-json\/wp\/v2\/categories?post=2131"},{"taxonomy":"post_tag","embeddable":true,"href":"https:\/\/isfd106-bue.infd.edu.ar\/sitio\/wp-json\/wp\/v2\/tags?post=2131"}],"curies":[{"name":"wp","href":"https:\/\/api.w.org\/{rel}","templated":true}]}}