{"id":2100,"date":"2021-03-24T11:44:33","date_gmt":"2021-03-24T14:44:33","guid":{"rendered":"https:\/\/isfd106-bue.infd.edu.ar\/sitio\/?p=2100"},"modified":"2021-03-29T12:49:27","modified_gmt":"2021-03-29T15:49:27","slug":"24-de-marzo-memoria-verdad-y-justicia-a-45-anos-del-golpe-de-estado","status":"publish","type":"post","link":"https:\/\/isfd106-bue.infd.edu.ar\/sitio\/24-de-marzo-memoria-verdad-y-justicia-a-45-anos-del-golpe-de-estado\/","title":{"rendered":"24 de marzo: Memoria, Verdad y Justicia a 45 a\u00f1os del Golpe de Estado."},"content":{"rendered":"<p><img decoding=\"async\" loading=\"lazy\" class=\"wp-image-2101 aligncenter\" src=\"https:\/\/isfd106-bue.infd.edu.ar\/sitio\/wp-content\/uploads\/2021\/03\/Logo-memoria-verda-y-justicia.jpg\" alt=\"\" width=\"206\" height=\"211\" \/><\/p>\n<p class=\"Default\"><span style=\"font-size: 11.0pt;\">Compartimos con ustedes algunas palabras de la Direcci\u00f3n Provincial de Educaci\u00f3n Superior<\/span><\/p>\n<p class=\"Default\"><span style=\"font-size: 11.0pt;\">\u00a0<\/span><span style=\"font-size: 11.0pt;\">\u201cA 45 a\u00f1os del golpe de estado del a\u00f1o 1976, queremos reflexionar brevemente acerca de una fecha tan significativa, y una vez m\u00e1s, ofrecer una serie de sugerencias y recursos para conocer y discutir ese pasado que a\u00fan nos conmueve. Dado que en la formaci\u00f3n docente construimos las aulas del ma\u00f1ana, es imprescindible que nuestras y nuestros estudiantes y futuros ense\u00f1antes, aborden esta problem\u00e1tica. <\/span><\/p>\n<p class=\"Default\" style=\"text-align: justify;\"><span style=\"font-size: 11.0pt;\">Cada nuevo aniversario que se cumple nos impone el deber del recuerdo de aquellas y aquellos que por su compromiso social y su militancia sufrieron detenciones, torturas y desapariciones, que a\u00fan hoy constituyen una herida abierta para una sociedad que busca con valent\u00eda y convicci\u00f3n cumplir la proclama de <i>Memoria, verdad y justicia<\/i>. <\/span><\/p>\n<p class=\"Default\" style=\"text-align: justify;\"><strong><i><span style=\"font-size: 11.0pt;\">Memoria<\/span><\/i><\/strong><span style=\"font-size: 11.0pt;\">, porque la sociedad tiene el mandato \u00e9tico de no olvidar. Porque desde las aulas ense\u00f1amos a promover las pol\u00edticas de la memoria, trayendo al presente ese pasado para problematizarlo y comprenderlo. Para atender nuestros conflictos hist\u00f3ricos en una sociedad democr\u00e1tica y plural que acepta los disensos y construye los consensos mirando al futuro compartido. Y para estar alerta y ense\u00f1ar los argumentos que respondan a la falacia de los olvidos \u201cterap\u00e9uticos\u201d, a la supuesta necesidad de dejar atr\u00e1s el pasado para proyectar el futuro. <\/span><\/p>\n<p class=\"Default\" style=\"text-align: justify;\"><strong><i><span style=\"font-size: 11.0pt;\">Verdad<\/span><\/i><\/strong><span style=\"font-size: 11.0pt;\"><strong>,<\/strong> porque desde las aulas hace falta transmitir el plan sistem\u00e1tico de represi\u00f3n y exterminio del que nuestro pueblo fue v\u00edctima. En su c\u00e9lebre e indispensable (para comprender ese tiempo) carta abierta a la junta militar, Rodolfo Walsh manifestaba: \u201cEl primer aniversario de esta Junta Militar ha motivado un balance de la acci\u00f3n de gobierno en documentos y discursos oficiales, donde lo que ustedes llaman aciertos son errores, los que reconocen como errores son cr\u00edmenes y lo que omiten son calamidades.\u201d <\/span><span style=\"font-size: 7.0pt;\">1 <\/span><span style=\"font-size: 11.0pt;\">Las calamidades omitidas fueron denunciadas por Madres y Abuelas, ejemplo y orgullo nuestro que movilizaron y testimoniaron ante el mundo las atrocidades cometidas. <\/span><\/p>\n<p class=\"Default\" style=\"text-align: justify;\"><strong><i><span style=\"font-size: 11.0pt;\">Justicia<\/span><\/i><\/strong><span style=\"font-size: 11.0pt;\">, porque a diferencia de aquellas y aquellos que postulan que \u201chay que olvidar el pasado para proyectar el futuro\u201d, consideramos que sin justicia no hay porvenir. El \u201cNunca m\u00e1s\u201d, pacto fundante de la sociedad democr\u00e1tica argentina, solo puede ser posible en un Estado de derecho que trabaja por un principio b\u00e1sico, la igualdad de sus ciudadanas y ciudadanos ante la ley. Lejos de puntos finales, obediencias debidas, indultos y dos por uno, trabajamos en nuestras aulas para que nunca m\u00e1s un Estado terrorista se constituya en due\u00f1o de la vida y la muerte de las argentinas y argentinos.\u201d ( carta enviada a los ISFDyT de la Provincia de Buenos Aires, 22 de marzo de 2021).\u00a0<\/span><\/p>\n<p>&nbsp;<\/p>\n<p><img decoding=\"async\" loading=\"lazy\" class=\"alignnone size-medium wp-image-2102\" src=\"https:\/\/isfd106-bue.infd.edu.ar\/sitio\/wp-content\/uploads\/2021\/03\/Ex-alumnos-memoria-1000x562.png\" alt=\"\" width=\"1000\" height=\"562\" srcset=\"https:\/\/isfd106-bue.infd.edu.ar\/sitio\/wp-content\/uploads\/2021\/03\/Ex-alumnos-memoria-1000x562.png 1000w, https:\/\/isfd106-bue.infd.edu.ar\/sitio\/wp-content\/uploads\/2021\/03\/Ex-alumnos-memoria-768x432.png 768w, https:\/\/isfd106-bue.infd.edu.ar\/sitio\/wp-content\/uploads\/2021\/03\/Ex-alumnos-memoria.png 1366w\" sizes=\"(max-width: 1000px) 100vw, 1000px\" \/><\/p>\n<p class=\"Default\"><span style=\"font-size: 11.0pt;\">\u00a0<\/span><\/p>\n<p><img decoding=\"async\" loading=\"lazy\" class=\"size-full wp-image-2103 alignleft\" src=\"https:\/\/isfd106-bue.infd.edu.ar\/sitio\/wp-content\/uploads\/2021\/03\/plantamos-memoria.png\" alt=\"\" width=\"326\" height=\"180\" \/><\/p>\n<p class=\"Default\"><span style=\"color: #333333; background: white; font-size: 14.6667px;\">En el marco de la Campa\u00f1a Nacional \u00bb <strong>Plantamos Memoria<\/strong>\u00bb los\/as invitamos a sumarse al proyecto desde sus lugares de trabajo, hogares en forma colectiva y compartir las im\u00e1genes en sus redes sociales.<\/span><\/p>\n<p>&nbsp;<\/p>\n<p>&nbsp;<\/p>\n<p>&nbsp;<\/p>\n<p>Este es un d\u00eda de reflexi\u00f3n para mantener la Memoria activa, seguir luchando por la Verdad y\u00a0 la Justicia.<\/p>\n<h2 style=\"text-align: center;\">\u00a1La historia la escribimos entre todos!<\/h2>\n<p style=\"text-align: center;\"><iframe loading=\"lazy\" title=\"YouTube video player\" src=\"https:\/\/www.youtube.com\/embed\/pX_LmFpHNMg\" width=\"560\" height=\"315\" frameborder=\"0\" allowfullscreen=\"allowfullscreen\"><\/iframe>\n<\/p>\n<h1 style=\"text-align: center;\"><span style=\"color: #0000ff;\">El ISFD 106 dice:<\/span><\/h1>\n<h3 style=\"text-align: center;\"><span style=\"color: #0000ff;\">Por el Pasado: \u00a1S\u00ed a la Memoria!<\/span><\/h3>\n<h3 style=\"text-align: center;\"><span style=\"color: #0000ff;\">En el Presente: \u00a1S\u00ed a la Verdad!<\/span><\/h3>\n<h3 style=\"text-align: center;\"><span style=\"color: #0000ff;\">Para el Futuro: \u00a1S\u00ed a la Justicia!\u00a0<\/span><\/h3>\n<h3 style=\"text-align: center;\"><span style=\"color: #0000ff;\">\u00a1Nunca M\u00e1s!\u00a0<\/span><\/h3>\n<h1 class=\"Default\" style=\"text-align: center;\"><\/h1>\n<p class=\"Default\"><span style=\"font-size: 11.0pt;\">\u00a0<\/span><\/p>\n","protected":false},"excerpt":{"rendered":"<p>Compartimos con ustedes algunas palabras de la Direcci\u00f3n Provincial de Educaci\u00f3n Superior \u00a0\u201cA 45 a\u00f1os del golpe de estado del a\u00f1o 1976, queremos reflexionar brevemente acerca de una fecha tan significativa, y una vez m\u00e1s, ofrecer una serie de sugerencias y recursos para conocer y discutir ese pasado que a\u00fan nos conmueve. Dado que en &#8230; <a title=\"24 de marzo: Memoria, Verdad y Justicia a 45 a\u00f1os del Golpe de Estado.\" class=\"read-more\" href=\"https:\/\/isfd106-bue.infd.edu.ar\/sitio\/24-de-marzo-memoria-verdad-y-justicia-a-45-anos-del-golpe-de-estado\/\" aria-label=\"More on 24 de marzo: Memoria, Verdad y Justicia a 45 a\u00f1os del Golpe de Estado.\">[+]<\/a><\/p>\n","protected":false},"author":588,"featured_media":0,"comment_status":"closed","ping_status":"open","sticky":false,"template":"","format":"standard","meta":[],"categories":[1],"tags":[],"acf":[],"_links":{"self":[{"href":"https:\/\/isfd106-bue.infd.edu.ar\/sitio\/wp-json\/wp\/v2\/posts\/2100"}],"collection":[{"href":"https:\/\/isfd106-bue.infd.edu.ar\/sitio\/wp-json\/wp\/v2\/posts"}],"about":[{"href":"https:\/\/isfd106-bue.infd.edu.ar\/sitio\/wp-json\/wp\/v2\/types\/post"}],"author":[{"embeddable":true,"href":"https:\/\/isfd106-bue.infd.edu.ar\/sitio\/wp-json\/wp\/v2\/users\/588"}],"replies":[{"embeddable":true,"href":"https:\/\/isfd106-bue.infd.edu.ar\/sitio\/wp-json\/wp\/v2\/comments?post=2100"}],"version-history":[{"count":4,"href":"https:\/\/isfd106-bue.infd.edu.ar\/sitio\/wp-json\/wp\/v2\/posts\/2100\/revisions"}],"predecessor-version":[{"id":2107,"href":"https:\/\/isfd106-bue.infd.edu.ar\/sitio\/wp-json\/wp\/v2\/posts\/2100\/revisions\/2107"}],"wp:attachment":[{"href":"https:\/\/isfd106-bue.infd.edu.ar\/sitio\/wp-json\/wp\/v2\/media?parent=2100"}],"wp:term":[{"taxonomy":"category","embeddable":true,"href":"https:\/\/isfd106-bue.infd.edu.ar\/sitio\/wp-json\/wp\/v2\/categories?post=2100"},{"taxonomy":"post_tag","embeddable":true,"href":"https:\/\/isfd106-bue.infd.edu.ar\/sitio\/wp-json\/wp\/v2\/tags?post=2100"}],"curies":[{"name":"wp","href":"https:\/\/api.w.org\/{rel}","templated":true}]}}