{"id":2094,"date":"2021-03-19T09:44:17","date_gmt":"2021-03-19T12:44:17","guid":{"rendered":"https:\/\/isfd106-bue.infd.edu.ar\/sitio\/?p=2094"},"modified":"2021-03-19T09:54:34","modified_gmt":"2021-03-19T12:54:34","slug":"becas-progresar-4","status":"publish","type":"post","link":"https:\/\/isfd106-bue.infd.edu.ar\/sitio\/becas-progresar-4\/","title":{"rendered":"Becas Progresar. Importante"},"content":{"rendered":"<p><strong><span style=\"color: #ff0000;\">BECAS PROGRESAR:<\/span><\/strong><\/p>\n<p>&nbsp;<\/p>\n<p>En esta oportunidad les queremos hacer llegar informaci\u00f3n respecto al Programa Progresar. Recientemente el Ministerio de Educaci\u00f3n de la Naci\u00f3n anunci\u00f3 que para el 2021 el Programa cuenta con la l\u00ednea de becas para el Nivel Superior con cambios sustanciales respecto de los \u00faltimos a\u00f1os:<\/p>\n<p>Se suman dos cuotas al pago anual, pasando de diez a doce pagos mensuales.<\/p>\n<p>En lo que respecta a Formaci\u00f3n Docente y Formaci\u00f3n Superior T\u00e9cnica el aumento del estipendio econ\u00f3mico es entre un 40 % y 60% $3.600 para ingresantes y $3.800 para avanzados.<\/p>\n<p>El requisito de aprobaci\u00f3n del 50% de las materias queda suspendido de manera excepcional dadas las caracter\u00edsticas particulares vinculadas con la pandemia del COVID 19. Los\/as estudiantes deber\u00e1n acreditar ser alumno regular, lo cual ser\u00e1 certificado por el instituto.<\/p>\n<p>Ampliaci\u00f3n de los grupos priorizados.<\/p>\n<p>&nbsp;<\/p>\n<p>El tr\u00e1mite para la solicitud de la beca se realiza entre el 1 de marzo y el 30 de abril a trav\u00e9s de la p\u00e1gina <a href=\"https:\/\/www.argentina.gob.ar\/educacion\/progresar\">https:\/\/www.argentina.gob.ar\/educacion\/progresar<\/a> \u201cInscripci\u00f3n Nivel Superior\u201d o desde la aplicaci\u00f3n Progresar+ disponible en Google Play o el App Store de Apple.<\/p>\n<p><strong>IMPORTANTE<\/strong>:<\/p>\n<p>Solamente se permite una inscripci\u00f3n, por uno de los dos medios.<\/p>\n<p>Si las\/os postulantes ya se inscribieron en alguna de las convocatorias anteriores ya tiene usuario y contrase\u00f1a. En caso de no recordarlo escribir a <a href=\"mailto:becassuperior_pba@abc.gob.ar\">becassuperior_pba@abc.gob.ar<\/a><\/p>\n<p>Aunque hayan percibido la beca anteriormente, la\/los estudiantes deben reinscribirse cada a\u00f1o.<\/p>\n<p>El sistema no permite subsanar errores una vez enviado el formulario de inscripci\u00f3n por esta raz\u00f3n les recomendamos tomarse el tiempo necesario para completarlo y prestar atenci\u00f3n en la carga de la informaci\u00f3n.<\/p>\n<p>Recomendamos antes de realizar la carga chequear en ANSES c\u00f3mo se encuentra cargado su grupo familiar <a href=\"https:\/\/servicioscorp.anses.gob.ar\/clavelogon\/logon.aspx?system=mianses\">https:\/\/servicioscorp.anses.gob.ar\/clavelogon\/logon.aspx?system=mianses<\/a> Tener en cuenta que ANSES considera \u00abgrupo familiar\u00bb a aquel que convive en el mismo domicilio y considerar\u00e1 esa informaci\u00f3n para verificar si los ingresos superan los 3 salarios m\u00ednimos.<\/p>\n<p>En los siguientes enlaces pueden descargar el Reglamento de la convocatoria para que puedan darlo a conocer entre las\/os posibles beneficiarias\/os.<\/p>\n<p>PROGRESAR: <a href=\"https:\/\/www.boletinoficial.gob.ar\/detalleAviso\/primera\/241739\/20210311\">https:\/\/www.boletinoficial.gob.ar\/detalleAviso\/primera\/241739\/20210311<\/a><\/p>\n<p>PROGRESAR ENFERMER\u00cdA: <a href=\"https:\/\/www.boletinoficial.gob.ar\/detalleAviso\/primera\/241740\/20210311\">https:\/\/www.boletinoficial.gob.ar\/detalleAviso\/primera\/241740\/20210311<\/a><\/p>\n<p>Ante cualquier duda o consulta dirigirse a <a href=\"https:\/\/www.boletinoficial.gob.ar\/detalleAviso\/primera\/241740\/20210311\">becassuperior_pba@abc.gob.ar<\/a><\/p>\n","protected":false},"excerpt":{"rendered":"<p>BECAS PROGRESAR: &nbsp; En esta oportunidad les queremos hacer llegar informaci\u00f3n respecto al Programa Progresar. Recientemente el Ministerio de Educaci\u00f3n de la Naci\u00f3n anunci\u00f3 que para el 2021 el Programa cuenta con la l\u00ednea de becas para el Nivel Superior con cambios sustanciales respecto de los \u00faltimos a\u00f1os: Se suman dos cuotas al pago anual, &#8230; <a title=\"Becas Progresar. Importante\" class=\"read-more\" href=\"https:\/\/isfd106-bue.infd.edu.ar\/sitio\/becas-progresar-4\/\" aria-label=\"More on Becas Progresar. Importante\">[+]<\/a><\/p>\n","protected":false},"author":589,"featured_media":0,"comment_status":"closed","ping_status":"open","sticky":false,"template":"","format":"standard","meta":[],"categories":[7],"tags":[15],"acf":[],"_links":{"self":[{"href":"https:\/\/isfd106-bue.infd.edu.ar\/sitio\/wp-json\/wp\/v2\/posts\/2094"}],"collection":[{"href":"https:\/\/isfd106-bue.infd.edu.ar\/sitio\/wp-json\/wp\/v2\/posts"}],"about":[{"href":"https:\/\/isfd106-bue.infd.edu.ar\/sitio\/wp-json\/wp\/v2\/types\/post"}],"author":[{"embeddable":true,"href":"https:\/\/isfd106-bue.infd.edu.ar\/sitio\/wp-json\/wp\/v2\/users\/589"}],"replies":[{"embeddable":true,"href":"https:\/\/isfd106-bue.infd.edu.ar\/sitio\/wp-json\/wp\/v2\/comments?post=2094"}],"version-history":[{"count":3,"href":"https:\/\/isfd106-bue.infd.edu.ar\/sitio\/wp-json\/wp\/v2\/posts\/2094\/revisions"}],"predecessor-version":[{"id":2097,"href":"https:\/\/isfd106-bue.infd.edu.ar\/sitio\/wp-json\/wp\/v2\/posts\/2094\/revisions\/2097"}],"wp:attachment":[{"href":"https:\/\/isfd106-bue.infd.edu.ar\/sitio\/wp-json\/wp\/v2\/media?parent=2094"}],"wp:term":[{"taxonomy":"category","embeddable":true,"href":"https:\/\/isfd106-bue.infd.edu.ar\/sitio\/wp-json\/wp\/v2\/categories?post=2094"},{"taxonomy":"post_tag","embeddable":true,"href":"https:\/\/isfd106-bue.infd.edu.ar\/sitio\/wp-json\/wp\/v2\/tags?post=2094"}],"curies":[{"name":"wp","href":"https:\/\/api.w.org\/{rel}","templated":true}]}}