{"id":2043,"date":"2021-03-04T19:31:33","date_gmt":"2021-03-04T22:31:33","guid":{"rendered":"https:\/\/isfd106-bue.infd.edu.ar\/sitio\/?p=2043"},"modified":"2021-03-29T12:49:52","modified_gmt":"2021-03-29T15:49:52","slug":"becas-progresar-3","status":"publish","type":"post","link":"https:\/\/isfd106-bue.infd.edu.ar\/sitio\/becas-progresar-3\/","title":{"rendered":"Becas PROGRESAR"},"content":{"rendered":"<div><span style=\"color: #0b5394; font-family: georgia, serif;\">Informamos para su conocimiento que se encuentra abierta la inscripci\u00f3n a las becas PROGRESAR para el nivel superior y los niveles obligatorios (finalizaci\u00f3n de la escolaridad obligatoria), en la siguiente p\u00e1gina:<\/span><\/div>\n<div><span style=\"color: #0b5394; font-family: georgia, serif;\">\u00a0<\/span><\/div>\n<div><span style=\"color: #0b5394; font-family: georgia, serif;\"><b><a href=\"https:\/\/www.argentina.gob.ar\/educacion\/progresar\" target=\"_blank\" rel=\"noopener\" data-saferedirecturl=\"https:\/\/www.google.com\/url?q=https:\/\/www.argentina.gob.ar\/educacion\/progresar&amp;source=gmail&amp;ust=1614982370022000&amp;usg=AFQjCNFrk7K5xTZXSPkvhvbMjMW5AvG_Pg\">https:\/\/www.argentina.gob.ar\/<wbr \/>educacion\/progresar<\/a>\u00a0<\/b><\/span><\/div>\n<div><span style=\"color: #0b5394; font-family: georgia, serif;\">\u00a0<\/span><\/div>\n<div><span style=\"color: #0b5394; font-family: georgia, serif;\">La inscripci\u00f3n comenz\u00f3 el 1 de marzo y se extender\u00e1 hasta el 30 de abril.<\/span><\/div>\n<div><span style=\"color: #0b5394; font-family: georgia, serif;\">\u00a0<\/span><\/div>\n","protected":false},"excerpt":{"rendered":"<p>Informamos para su conocimiento que se encuentra abierta la inscripci\u00f3n a las becas PROGRESAR para el nivel superior y los niveles obligatorios (finalizaci\u00f3n de la escolaridad obligatoria), en la siguiente p\u00e1gina: \u00a0 https:\/\/www.argentina.gob.ar\/educacion\/progresar\u00a0 \u00a0 La inscripci\u00f3n comenz\u00f3 el 1 de marzo y se extender\u00e1 hasta el 30 de abril. \u00a0<\/p>\n","protected":false},"author":589,"featured_media":0,"comment_status":"closed","ping_status":"open","sticky":false,"template":"","format":"standard","meta":[],"categories":[7],"tags":[15],"acf":[],"_links":{"self":[{"href":"https:\/\/isfd106-bue.infd.edu.ar\/sitio\/wp-json\/wp\/v2\/posts\/2043"}],"collection":[{"href":"https:\/\/isfd106-bue.infd.edu.ar\/sitio\/wp-json\/wp\/v2\/posts"}],"about":[{"href":"https:\/\/isfd106-bue.infd.edu.ar\/sitio\/wp-json\/wp\/v2\/types\/post"}],"author":[{"embeddable":true,"href":"https:\/\/isfd106-bue.infd.edu.ar\/sitio\/wp-json\/wp\/v2\/users\/589"}],"replies":[{"embeddable":true,"href":"https:\/\/isfd106-bue.infd.edu.ar\/sitio\/wp-json\/wp\/v2\/comments?post=2043"}],"version-history":[{"count":2,"href":"https:\/\/isfd106-bue.infd.edu.ar\/sitio\/wp-json\/wp\/v2\/posts\/2043\/revisions"}],"predecessor-version":[{"id":2045,"href":"https:\/\/isfd106-bue.infd.edu.ar\/sitio\/wp-json\/wp\/v2\/posts\/2043\/revisions\/2045"}],"wp:attachment":[{"href":"https:\/\/isfd106-bue.infd.edu.ar\/sitio\/wp-json\/wp\/v2\/media?parent=2043"}],"wp:term":[{"taxonomy":"category","embeddable":true,"href":"https:\/\/isfd106-bue.infd.edu.ar\/sitio\/wp-json\/wp\/v2\/categories?post=2043"},{"taxonomy":"post_tag","embeddable":true,"href":"https:\/\/isfd106-bue.infd.edu.ar\/sitio\/wp-json\/wp\/v2\/tags?post=2043"}],"curies":[{"name":"wp","href":"https:\/\/api.w.org\/{rel}","templated":true}]}}