{"id":1995,"date":"2021-02-18T12:58:00","date_gmt":"2021-02-18T15:58:00","guid":{"rendered":"https:\/\/isfd106-bue.infd.edu.ar\/sitio\/?p=1995"},"modified":"2021-03-04T19:32:04","modified_gmt":"2021-03-04T22:32:04","slug":"agenda-estudiantes-inicio-2021","status":"publish","type":"post","link":"https:\/\/isfd106-bue.infd.edu.ar\/sitio\/agenda-estudiantes-inicio-2021\/","title":{"rendered":"Agenda estudiantes inicio  2021"},"content":{"rendered":"<p><span style=\"font-weight: 400;\">Estimados\/as estudiantes:\u00a0<\/span><\/p>\n<p><span style=\"font-weight: 400;\">Retomando el camino de este ciclo lectivo, compartimos informaciones importantes a tener en cuenta:<\/span><\/p>\n<p><b>Generalidades:<\/b><\/p>\n<ul>\n<li style=\"font-weight: 400;\" aria-level=\"1\"><span style=\"font-weight: 400;\">El t\u00e9rmino del primer cuatrimestre, y hasta nueva informaci\u00f3n de las autoridades sanitarias y educativas, las clases ser\u00e1n de modo virtual, como lo indicaron las autoridades provinciales del nivel (por plataforma y clases sincr\u00f3nicas).<\/span><\/li>\n<li style=\"font-weight: 400;\" aria-level=\"1\"><span style=\"font-weight: 400;\">Evitar la asistencia al Instituto en forma presencial. Todo tr\u00e1mite o consulta se realiza por los canales habilitados e informados.<\/span><\/li>\n<\/ul>\n<p><b>Aspirantes a Ingreso de las carreras ciclo 2021<\/b><span style=\"font-weight: 400;\">:<\/span><\/p>\n<ol>\n<li style=\"font-weight: 400;\" aria-level=\"1\"><span style=\"font-weight: 400;\">El d\u00eda <\/span><b>mi\u00e9rcoles 03\/3\/21 a las 18,30<\/b><span style=\"font-weight: 400;\"> hs. se brindar\u00e1 una reuni\u00f3n virtual informativa, para explicar procedimientos y evacuar dudas. El link de la reuni\u00f3n de difundir\u00e1 pr\u00f3ximamente. Luego se compartir\u00e1 en el sitio institucional, la grabaci\u00f3n para aquellos aspirantes que no hayan podido estar.\u00a0<\/span><\/li>\n<li style=\"font-weight: 400;\" aria-level=\"1\"><span style=\"font-weight: 400;\">Recuerden leer comprensiva y atentamente toda informaci\u00f3n dada. En el sitio web institucional encontrar\u00e1 videos y noticias que ya han sido informadas. No se responden consultas de informaci\u00f3n dada. Nivel Superior requiere <\/span><i><span style=\"font-weight: 400;\">autonom\u00eda y comprensi\u00f3n lectora <\/span><\/i><span style=\"font-weight: 400;\">para asegurar su trayectoria acad\u00e9mica.<\/span><\/li>\n<li style=\"font-weight: 400;\" aria-level=\"1\"><span style=\"font-weight: 400;\">Recordamos que solo se inscribir\u00e1n al Taller inicial obligatorio y seg\u00fan los cupos disponibles.<\/span><\/li>\n<\/ol>\n<p><b>Inicio de Mesas de ex\u00e1menes turno: Febrero-marzo 2021: <\/b><span style=\"font-weight: 400;\">Lunes 22 de febrero, seg\u00fan cronograma ya enviado.<\/span><\/p>\n<ol>\n<li style=\"font-weight: 400;\" aria-level=\"1\"><span style=\"font-weight: 400;\">Los estudiantes estar\u00e1n habilitados en las aulas de finales\u00a0 48 hs. h\u00e1biles antes la mesa de examen, para leer las pautas, criterios de evaluaci\u00f3n y modos, o entregas de trabajos solicitados. En caso de dudas, se consultar\u00e1 con el preceptor correspondiente a su curso.<\/span><\/li>\n<li style=\"font-weight: 400;\" aria-level=\"1\"><span style=\"font-weight: 400;\">Designaci\u00f3n de cursos\/ preceptores:<\/span><\/li>\n<\/ol>\n<p><strong>Turno ma\u00f1ana: <\/strong><\/p>\n<p><span style=\"font-weight: 400;\">Matem\u00e1tica (1\u00b0 a 4\u00b0 a\u00f1o): Lorena Serletto.<\/span><\/p>\n<p><span style=\"font-weight: 400;\">Educaci\u00f3n primaria (1\u00b0 a 3\u00b0 a\u00f1o): Silvia Chierichini<\/span><\/p>\n<p><strong>Turno Vespertino: <\/strong><\/p>\n<p><span style=\"font-weight: 400;\">Matem\u00e1tica (1\u00b0 a 3\u00b0): Diego L\u00f3pez<\/span><\/p>\n<p><span style=\"font-weight: 400;\">Educaci\u00f3n Primaria (1\u00b01\u00b0-2\u00b0 1\u00b0 y 3\u00b01\u00b0): Alejandro Lezcano y\u00a0<\/span><span style=\"font-weight: 400;\">\u00a0(1\u00b02\u00b0-2\u00b02\u00b0 y 4\u00b0): \u00c1lvaro Abia<\/span><\/p>\n<p><span style=\"font-weight: 400;\">Ciencias Naturales (1\u00b04\u00b0-1\u00b05\u00b0-2\u00b04\u00b0-2\u00b05\u00b0): Micaela Moschini<\/span><\/p>\n<p><span style=\"font-weight: 400;\">\u00a0F\u00edsica- Qu\u00edmica (3\u00b0 y 4\u00b0): Romina Ver\u00f3n<\/span><\/p>\n<p><span style=\"font-weight: 400;\">\u00a0 Biolog\u00eda: (3\u00b0 y 4\u00b0) y Matem\u00e1tica (4\u00b0): Aldo Rossini\u00a0<\/span><\/p>\n<p><b>Relevamiento de estudiantes que ingresaron en el ciclo lectivo 2020 (sin finalizar cursadas) y retoman las cursadas en este ciclo 2021:<\/b><span style=\"font-weight: 400;\"> deber\u00e1n completar una planilla que se enviar\u00e1 los d\u00edas <\/span><b>22 y 23 de febrero<\/b><span style=\"font-weight: 400;\"> \u00fanicamente. De este modo asegurar\u00e1 su cupo para este ciclo. Se enviar\u00e1 a su mail declarado en el ingreso.<\/span><\/p>\n<p><b>Inscripci\u00f3n a materias finales de EDI-Talleres y TFO<\/b><span style=\"font-weight: 400;\"> \u00fanicamente(con acreditaci\u00f3n al 22\/3\/21): se realizar\u00e1 los d\u00edas 15 y 16 de marzo en formulario que se comunicar\u00e1 a tal efecto.<\/span><\/p>\n<p><b>Solicitud de constancias (solo para estudiantes regulares)<\/b><span style=\"font-weight: 400;\">: al mail institucional: <\/span><a href=\"mailto:106instituto@gmail.com\"><span style=\"font-weight: 400;\">106instituto@gmail.com<\/span><\/a><span style=\"font-weight: 400;\">\u00a0<\/span><\/p>\n<p><b>Pases (de ingreso y egreso), Equivalencias de materias, Cambios de turno, Cambios de carrera<\/b><span style=\"font-weight: 400;\">: se informar\u00e1 pr\u00f3ximamente.<\/span><\/p>\n<p><b>Estudiantes con espacios PENDA<\/b><span style=\"font-weight: 400;\"> (pendiente de acreditaci\u00f3n en materias 2020): Se realizar\u00e1 del 22\/2 al 7\/3, cada profesor informar\u00e1 en el aula de cursada las pautas y modo de acreditaci\u00f3n de contenidos pendientes.<\/span><\/p>\n<p><b>Inicio Taller inicial obligatorio para ingresantes<\/b><span style=\"font-weight: 400;\">: Mes de abril<\/span><\/p>\n<p><b>Inicio de ciclo lectivo 2021<\/b><span style=\"font-weight: 400;\">: Mes de Mayo<\/span><\/p>\n<p style=\"text-align: right;\">Saludos<\/p>\n<p style=\"text-align: right;\">Equipo Directivo<\/p>\n<p style=\"text-align: right;\">ISFD 106<\/p>\n","protected":false},"excerpt":{"rendered":"<p>Estimados\/as estudiantes:\u00a0 Retomando el camino de este ciclo lectivo, compartimos informaciones importantes a tener en cuenta: Generalidades: El t\u00e9rmino del primer cuatrimestre, y hasta nueva informaci\u00f3n de las autoridades sanitarias y educativas, las clases ser\u00e1n de modo virtual, como lo indicaron las autoridades provinciales del nivel (por plataforma y clases sincr\u00f3nicas). Evitar la asistencia al &#8230; <a title=\"Agenda estudiantes inicio  2021\" class=\"read-more\" href=\"https:\/\/isfd106-bue.infd.edu.ar\/sitio\/agenda-estudiantes-inicio-2021\/\" aria-label=\"More on Agenda estudiantes inicio  2021\">[+]<\/a><\/p>\n","protected":false},"author":588,"featured_media":0,"comment_status":"closed","ping_status":"open","sticky":false,"template":"","format":"standard","meta":[],"categories":[6],"tags":[],"acf":[],"_links":{"self":[{"href":"https:\/\/isfd106-bue.infd.edu.ar\/sitio\/wp-json\/wp\/v2\/posts\/1995"}],"collection":[{"href":"https:\/\/isfd106-bue.infd.edu.ar\/sitio\/wp-json\/wp\/v2\/posts"}],"about":[{"href":"https:\/\/isfd106-bue.infd.edu.ar\/sitio\/wp-json\/wp\/v2\/types\/post"}],"author":[{"embeddable":true,"href":"https:\/\/isfd106-bue.infd.edu.ar\/sitio\/wp-json\/wp\/v2\/users\/588"}],"replies":[{"embeddable":true,"href":"https:\/\/isfd106-bue.infd.edu.ar\/sitio\/wp-json\/wp\/v2\/comments?post=1995"}],"version-history":[{"count":3,"href":"https:\/\/isfd106-bue.infd.edu.ar\/sitio\/wp-json\/wp\/v2\/posts\/1995\/revisions"}],"predecessor-version":[{"id":1998,"href":"https:\/\/isfd106-bue.infd.edu.ar\/sitio\/wp-json\/wp\/v2\/posts\/1995\/revisions\/1998"}],"wp:attachment":[{"href":"https:\/\/isfd106-bue.infd.edu.ar\/sitio\/wp-json\/wp\/v2\/media?parent=1995"}],"wp:term":[{"taxonomy":"category","embeddable":true,"href":"https:\/\/isfd106-bue.infd.edu.ar\/sitio\/wp-json\/wp\/v2\/categories?post=1995"},{"taxonomy":"post_tag","embeddable":true,"href":"https:\/\/isfd106-bue.infd.edu.ar\/sitio\/wp-json\/wp\/v2\/tags?post=1995"}],"curies":[{"name":"wp","href":"https:\/\/api.w.org\/{rel}","templated":true}]}}