{"id":1980,"date":"2020-12-29T15:06:22","date_gmt":"2020-12-29T18:06:22","guid":{"rendered":"https:\/\/isfd106-bue.infd.edu.ar\/sitio\/?p=1980"},"modified":"2021-03-04T19:32:18","modified_gmt":"2021-03-04T22:32:18","slug":"cierre-del-ano-lectivo-2020-y-pautas-de-organizacion-para-el-2021","status":"publish","type":"post","link":"https:\/\/isfd106-bue.infd.edu.ar\/sitio\/cierre-del-ano-lectivo-2020-y-pautas-de-organizacion-para-el-2021\/","title":{"rendered":"Cierre del a\u00f1o lectivo 2020 y pautas de organizaci\u00f3n para el 2021"},"content":{"rendered":"<p>A todos los estudiantes del ISFD N\u00b0 106:<\/p>\n<p>Llegando al final del a\u00f1o 2020, les informamos:<\/p>\n<ul>\n<li>A partir del <strong>31\/12\/20 al 11\/02\/21<\/strong>: todo el personal del Instituto inicia su per\u00edodo de vacaciones, por lo cual, no se responder\u00e1n consultas en los medios, plataforma y redes de uso com\u00fan.<\/li>\n<li>Toda informaci\u00f3n con la que contamos respecto a lo organizativo-administrativo, ya lo hemos compartido en el sitio web y redes habilitadas para tal fin. Puede realizar una lectura para tener la informaci\u00f3n necesaria. Una vez iniciado el ciclo 2021 continuaremos actualizando el cronograma de fechas administrativo-pedag\u00f3gicas.<\/li>\n<li>A partir del ciclo lectivo 2021, y continuando la reorganizaci\u00f3n de las carreras\/turnos de dictado, se organizar\u00e1n del siguiente modo:<\/li>\n<li><strong>Profesorado de las Ciencias Natural<\/strong>es: (Tronco com\u00fan, Biolog\u00eda, F\u00edsica y Qu\u00edmica): <strong>Turno vespertino todos los curso<\/strong>s.<\/li>\n<li><strong>Profesorado de Matem\u00e1tica<\/strong>: 1\u00b0 a 3\u00b0 a\u00f1o <strong>Turno ma\u00f1a<\/strong>na y 1\u00b0 a 4\u00b0 a\u00f1o <strong>Turno vespertino<\/strong>.<\/li>\n<li><strong>Profesorado de Educaci\u00f3n Primaria<\/strong>: 1\u00b0 a 3\u00b0 a\u00f1o: <strong>Turno ma\u00f1an<\/strong>a y 1\u00b0 a 4\u00b0 a\u00f1o: <strong>Turno vespertino<\/strong>.<\/li>\n<li>Para situaciones de <em>Pases, Cambios de carrera, Cambios de turno, Cambio de plan de estudio, Equivalencias, Inscripci\u00f3n a materias<\/em>: en el mes de febrero se informar\u00e1n fechas y procedimientos, recordando que las solicitudes se ajustar\u00e1n a los cupos disponibles.<\/li>\n<li>Todo tr\u00e1mite sobre <em>constancias, pedido de porcentajes, anal\u00edticos parciales, solicitudes de t\u00edtulos<\/em>, se tramitar\u00e1n a partir del 11\/02\/21.<\/li>\n<\/ul>\n<p>Agradecemos todo lo realizado en este a\u00f1o 2020, les deseamos un descanso recuperador para cada uno de Uds. y para sus familias, para volver a encontrarnos en febrero 2021, en modo virtual por el momento.<\/p>\n<p style=\"text-align: right;\">Equipo Directivo<\/p>\n<p style=\"text-align: right;\">ISFD N\u00b0 106<\/p>\n<p>&nbsp;<\/p>\n","protected":false},"excerpt":{"rendered":"<p>A todos los estudiantes del ISFD N\u00b0 106: Llegando al final del a\u00f1o 2020, les informamos: A partir del 31\/12\/20 al 11\/02\/21: todo el personal del Instituto inicia su per\u00edodo de vacaciones, por lo cual, no se responder\u00e1n consultas en los medios, plataforma y redes de uso com\u00fan. Toda informaci\u00f3n con la que contamos respecto &#8230; <a title=\"Cierre del a\u00f1o lectivo 2020 y pautas de organizaci\u00f3n para el 2021\" class=\"read-more\" href=\"https:\/\/isfd106-bue.infd.edu.ar\/sitio\/cierre-del-ano-lectivo-2020-y-pautas-de-organizacion-para-el-2021\/\" aria-label=\"More on Cierre del a\u00f1o lectivo 2020 y pautas de organizaci\u00f3n para el 2021\">[+]<\/a><\/p>\n","protected":false},"author":588,"featured_media":0,"comment_status":"closed","ping_status":"open","sticky":false,"template":"","format":"standard","meta":[],"categories":[7,6],"tags":[],"acf":[],"_links":{"self":[{"href":"https:\/\/isfd106-bue.infd.edu.ar\/sitio\/wp-json\/wp\/v2\/posts\/1980"}],"collection":[{"href":"https:\/\/isfd106-bue.infd.edu.ar\/sitio\/wp-json\/wp\/v2\/posts"}],"about":[{"href":"https:\/\/isfd106-bue.infd.edu.ar\/sitio\/wp-json\/wp\/v2\/types\/post"}],"author":[{"embeddable":true,"href":"https:\/\/isfd106-bue.infd.edu.ar\/sitio\/wp-json\/wp\/v2\/users\/588"}],"replies":[{"embeddable":true,"href":"https:\/\/isfd106-bue.infd.edu.ar\/sitio\/wp-json\/wp\/v2\/comments?post=1980"}],"version-history":[{"count":1,"href":"https:\/\/isfd106-bue.infd.edu.ar\/sitio\/wp-json\/wp\/v2\/posts\/1980\/revisions"}],"predecessor-version":[{"id":1981,"href":"https:\/\/isfd106-bue.infd.edu.ar\/sitio\/wp-json\/wp\/v2\/posts\/1980\/revisions\/1981"}],"wp:attachment":[{"href":"https:\/\/isfd106-bue.infd.edu.ar\/sitio\/wp-json\/wp\/v2\/media?parent=1980"}],"wp:term":[{"taxonomy":"category","embeddable":true,"href":"https:\/\/isfd106-bue.infd.edu.ar\/sitio\/wp-json\/wp\/v2\/categories?post=1980"},{"taxonomy":"post_tag","embeddable":true,"href":"https:\/\/isfd106-bue.infd.edu.ar\/sitio\/wp-json\/wp\/v2\/tags?post=1980"}],"curies":[{"name":"wp","href":"https:\/\/api.w.org\/{rel}","templated":true}]}}