{"id":1940,"date":"2020-12-10T17:00:47","date_gmt":"2020-12-10T20:00:47","guid":{"rendered":"https:\/\/isfd106-bue.infd.edu.ar\/sitio\/?p=1940"},"modified":"2020-12-18T09:19:14","modified_gmt":"2020-12-18T12:19:14","slug":"equivalencias-parcial-leer-con-antencion","status":"publish","type":"post","link":"https:\/\/isfd106-bue.infd.edu.ar\/sitio\/equivalencias-parcial-leer-con-antencion\/","title":{"rendered":"Equivalencias parcial!!! Leer con atenci\u00f3n"},"content":{"rendered":"<p>Todos aquellos alumnos que tienen equivalencia parcial y les corresponde por a\u00f1o de cohorte (es decir, tengo equivalencia parcial de una materia de 2do y este a\u00f1o estoy cursando 2do), deben rendir en este turno de ex\u00e1menes. Recuerden que solo tiene validez para el ciclo lectivo vigente.<\/p>\n<p><em>Si sos de matem\u00e1tica<\/em>, e hiciste cambio de plan, record\u00e1 que las equivalencias parciales se caen cuando se termina el ciclo lectivo, y en ese caso deber\u00e1s cursar la materia!!!<\/p>\n<p>&nbsp;<\/p>\n","protected":false},"excerpt":{"rendered":"<p>Todos aquellos alumnos que tienen equivalencia parcial y les corresponde por a\u00f1o de cohorte (es decir, tengo equivalencia parcial de una materia de 2do y este a\u00f1o estoy cursando 2do), deben rendir en este turno de ex\u00e1menes. Recuerden que solo tiene validez para el ciclo lectivo vigente. Si sos de matem\u00e1tica, e hiciste cambio de &#8230; <a title=\"Equivalencias parcial!!! Leer con atenci\u00f3n\" class=\"read-more\" href=\"https:\/\/isfd106-bue.infd.edu.ar\/sitio\/equivalencias-parcial-leer-con-antencion\/\" aria-label=\"More on Equivalencias parcial!!! Leer con atenci\u00f3n\">[+]<\/a><\/p>\n","protected":false},"author":589,"featured_media":0,"comment_status":"closed","ping_status":"open","sticky":false,"template":"","format":"standard","meta":[],"categories":[7],"tags":[],"acf":[],"_links":{"self":[{"href":"https:\/\/isfd106-bue.infd.edu.ar\/sitio\/wp-json\/wp\/v2\/posts\/1940"}],"collection":[{"href":"https:\/\/isfd106-bue.infd.edu.ar\/sitio\/wp-json\/wp\/v2\/posts"}],"about":[{"href":"https:\/\/isfd106-bue.infd.edu.ar\/sitio\/wp-json\/wp\/v2\/types\/post"}],"author":[{"embeddable":true,"href":"https:\/\/isfd106-bue.infd.edu.ar\/sitio\/wp-json\/wp\/v2\/users\/589"}],"replies":[{"embeddable":true,"href":"https:\/\/isfd106-bue.infd.edu.ar\/sitio\/wp-json\/wp\/v2\/comments?post=1940"}],"version-history":[{"count":2,"href":"https:\/\/isfd106-bue.infd.edu.ar\/sitio\/wp-json\/wp\/v2\/posts\/1940\/revisions"}],"predecessor-version":[{"id":1942,"href":"https:\/\/isfd106-bue.infd.edu.ar\/sitio\/wp-json\/wp\/v2\/posts\/1940\/revisions\/1942"}],"wp:attachment":[{"href":"https:\/\/isfd106-bue.infd.edu.ar\/sitio\/wp-json\/wp\/v2\/media?parent=1940"}],"wp:term":[{"taxonomy":"category","embeddable":true,"href":"https:\/\/isfd106-bue.infd.edu.ar\/sitio\/wp-json\/wp\/v2\/categories?post=1940"},{"taxonomy":"post_tag","embeddable":true,"href":"https:\/\/isfd106-bue.infd.edu.ar\/sitio\/wp-json\/wp\/v2\/tags?post=1940"}],"curies":[{"name":"wp","href":"https:\/\/api.w.org\/{rel}","templated":true}]}}