{"id":1931,"date":"2020-12-03T07:54:35","date_gmt":"2020-12-03T10:54:35","guid":{"rendered":"https:\/\/isfd106-bue.infd.edu.ar\/sitio\/?p=1931"},"modified":"2020-12-18T09:19:24","modified_gmt":"2020-12-18T12:19:24","slug":"inscripcion-2021_-aspirantes-a-1o-ano","status":"publish","type":"post","link":"https:\/\/isfd106-bue.infd.edu.ar\/sitio\/inscripcion-2021_-aspirantes-a-1o-ano\/","title":{"rendered":"Inscripci\u00f3n  2021_ Aspirantes a 1\u00ba a\u00f1o"},"content":{"rendered":"<p>Estimados\/as aspirantes:<\/p>\n<p><span style=\"font-weight: 400;\">Queremos contarles que,\u00a0 dada la situaci\u00f3n especial de este ciclo lectivo tan particular y con el fin de que puedan completar el Nivel Secundario y contar con el certificado de t\u00edtulo en tr\u00e1mite a tiempo,<strong> realizaremos\u00a0 la inscripci\u00f3n\u00a0<\/strong> para cursar una carrera en cualquiera de los Institutos de La Matanza de manera <strong>regional<\/strong> en el <strong>mes de marzo de 2021.<\/strong><\/span><\/p>\n<p><span style=\"font-weight: 400;\">Para eso podr\u00e1s acceder a un Blog en el que\u00a0 encontrar\u00e1s la carrera que quer\u00e9s cursar y el \/ los Institutos en la que se dicta. <strong>La inscripci\u00f3n se realizar\u00e1 de forma online<\/strong>.\u00a0 Tambi\u00e9n encontrar\u00e1s informaci\u00f3n sobre la localizaci\u00f3n geogr\u00e1fica de cada instituci\u00f3n.<\/span><\/p>\n<p><span style=\"font-weight: 400;\">As\u00ed, podr\u00e1s conocer todas las posibilidades que te ofrecen los Institutos Superiores de Formaci\u00f3n Docente y T\u00e9cnica del partido de La Matanza.<\/span><\/p>\n<p><span style=\"font-weight: 400;\">A partir del <strong>1 de marzo de 2021<\/strong>, podr\u00e1s consultar nuestra p\u00e1gina o la de cualquier Instituto de La Matanza para conocer las fechas, caracter\u00edsticas de la inscripci\u00f3n y el instructivo correspondiente. Adem\u00e1s, publicaremos un tutorial para acompa\u00f1arte en esta instancia.<\/span><\/p>\n<p><span style=\"font-weight: 400;\">\u00a0Podes visitar los siguientes sitios web para conocernos:\u00a0\u00a0<\/span><\/p>\n<ul>\n<li><span style=\"font-weight: 400; color: #ff0000;\">IsfdyT N\u00ba 46:<\/span><a href=\"http:\/\/instituto46.edu.ar\/\"> <span style=\"font-weight: 400;\">http:\/\/instituto46.edu.ar<\/span><\/a><\/li>\n<li><span style=\"font-weight: 400; color: #ff0000;\">IsfdyT\u00a0 N\u00ba 56<\/span><span style=\"font-weight: 400;\">:<\/span><a href=\"https:\/\/isfd56-bue.infd.edu.ar\/\"> <span style=\"font-weight: 400;\">https:\/\/isfd56-bue.infd.edu.ar<\/span><\/a><\/li>\n<li><span style=\"font-weight: 400;\"><span style=\"color: #ff0000;\">Isfd\u00a0 N\u00ba 82<\/span>:<\/span><a href=\"https:\/\/isfd82-bue.infd.edu.ar\/\"> <span style=\"font-weight: 400;\">https:\/\/isfd82-bue.infd.edu.ar<\/span><\/a><\/li>\n<li><span style=\"font-weight: 400;\"><span style=\"color: #ff0000;\">IsfdyT N\u00ba88<\/span>:<\/span><a href=\"https:\/\/isfd88-bue.infd.edu.ar\/\"> <span style=\"font-weight: 400;\">https:\/\/isfd88-bue.infd.edu.ar<\/span><\/a><\/li>\n<li><span style=\"font-weight: 400;\"><span style=\"color: #ff0000;\">IsfdyT N\u00ba 105<\/span>:<\/span><a href=\"https:\/\/isfd105-bue.infd.edu.ar\/\"> <span style=\"font-weight: 400;\">https:\/\/isfd105-bue.infd.edu.ar\u00a0<\/span><\/a><\/li>\n<li><span style=\"font-weight: 400; color: #ff0000;\">Isfd N\u00ba 106<\/span><span style=\"font-weight: 400;\">:<\/span><a href=\"https:\/\/isfd106-bue.infd.edu.ar\/\"> <span style=\"font-weight: 400;\">https:\/\/isfd106-bue.infd.edu.ar<\/span><\/a><\/li>\n<li><span style=\"font-weight: 400; color: #ff0000;\">Ist N\u00ba 206<\/span><span style=\"font-weight: 400;\">:<\/span><a href=\"http:\/\/www.isftn206.com\/\"> <span style=\"font-weight: 400;\">www.isftn206.com<\/span><\/a><\/li>\n<\/ul>\n<p><span style=\"font-weight: 400;\">Tambi\u00e9n te invitamos a recorrer las siguientes presentaciones:\u00a0<\/span><\/p>\n<p><b>Ofertas de Carreras de Formaci\u00f3n Docente Inicial:<\/b><a href=\"https:\/\/view.genial.ly\/5f5a833efd21ab0d7ff710ed\/presentation-ofertas-de-carreras-de-formacion-docente-region-3\"> <b>Ingrese aqu\u00ed<\/b><\/a><\/p>\n<p><b>Ofertas de Carreras T\u00e9cnicas<\/b><b>:<\/b> <a href=\"https:\/\/drive.google.com\/file\/d\/1etYMvfOkD2yg5hq68_iAqLu28brBvWD2\/view?usp=sharing\"><span style=\"font-weight: 400;\">Ingrese aqu\u00ed<\/span><\/a><span style=\"font-weight: 400;\">\u00a0<\/span><\/p>\n<h3><b><img decoding=\"async\" loading=\"lazy\" class=\"alignnone wp-image-1861\" src=\"https:\/\/isfd106-bue.infd.edu.ar\/sitio\/wp-content\/uploads\/2020\/10\/IMPORTANTE.png\" alt=\"\" width=\"75\" height=\"75\" \/>\u00a0 \u00a0 \u00a0 \u00a0 \u00a0 \u00a0 Requisitos de Inscripci\u00f3n<\/b><\/h3>\n<p><span style=\"font-weight: 400;\">Para inscribirte en cualquiera de los Institutos de la regi\u00f3n, deb\u00e9s contar con la siguiente documentaci\u00f3n:<\/span><\/p>\n<ul>\n<li><span style=\"font-weight: 400;\">\u00a0\u00a0\u00a0<\/span><span style=\"font-weight: 400;\">T\u00edtulo secundario o Constancia de t\u00edtulo en tr\u00e1mite<\/span><\/li>\n<li><span style=\"font-weight: 400;\">\u00a0\u00a0\u00a0<\/span><span style=\"font-weight: 400;\">DNI<\/span><\/li>\n<li><span style=\"font-weight: 400;\">\u00a0\u00a0<\/span><span style=\"font-weight: 400;\">2 (dos) fotos carnet<\/span><\/li>\n<\/ul>\n<p><span style=\"font-weight: 400;\">Los siguientes aptos, dada la situaci\u00f3n actual, se solicitar\u00e1n cuando se regularice la atenci\u00f3n sanitaria presencial:<\/span><\/p>\n<ul>\n<li><i><span style=\"font-weight: 400;\">Apto F\u00edsico expedido por entidad p\u00fablica u obra social.\u00a0<\/span><\/i><\/li>\n<li><i><span style=\"font-weight: 400;\">Apto Ps\u00edquico expedido por\u00a0 hospital p\u00fablico.<\/span><\/i><\/li>\n<li><i><span style=\"font-weight: 400;\">Audiometr\u00eda expedida por entidad p\u00fablica u obra social.<\/span><\/i><\/li>\n<\/ul>\n<p><b><i>\u00a0 Muchas Gracias<\/i><\/b><\/p>\n<p style=\"text-align: right;\">Consejo Regional de Directores<\/p>\n<p style=\"text-align: right;\">La Matanza<\/p>\n<p><span style=\"font-weight: 400;\">\u00a0<\/span><\/p>\n","protected":false},"excerpt":{"rendered":"<p>Estimados\/as aspirantes: Queremos contarles que,\u00a0 dada la situaci\u00f3n especial de este ciclo lectivo tan particular y con el fin de que puedan completar el Nivel Secundario y contar con el certificado de t\u00edtulo en tr\u00e1mite a tiempo, realizaremos\u00a0 la inscripci\u00f3n\u00a0 para cursar una carrera en cualquiera de los Institutos de La Matanza de manera regional &#8230; <a title=\"Inscripci\u00f3n  2021_ Aspirantes a 1\u00ba a\u00f1o\" class=\"read-more\" href=\"https:\/\/isfd106-bue.infd.edu.ar\/sitio\/inscripcion-2021_-aspirantes-a-1o-ano\/\" aria-label=\"More on Inscripci\u00f3n  2021_ Aspirantes a 1\u00ba a\u00f1o\">[+]<\/a><\/p>\n","protected":false},"author":588,"featured_media":0,"comment_status":"closed","ping_status":"open","sticky":false,"template":"","format":"standard","meta":[],"categories":[7],"tags":[],"acf":[],"_links":{"self":[{"href":"https:\/\/isfd106-bue.infd.edu.ar\/sitio\/wp-json\/wp\/v2\/posts\/1931"}],"collection":[{"href":"https:\/\/isfd106-bue.infd.edu.ar\/sitio\/wp-json\/wp\/v2\/posts"}],"about":[{"href":"https:\/\/isfd106-bue.infd.edu.ar\/sitio\/wp-json\/wp\/v2\/types\/post"}],"author":[{"embeddable":true,"href":"https:\/\/isfd106-bue.infd.edu.ar\/sitio\/wp-json\/wp\/v2\/users\/588"}],"replies":[{"embeddable":true,"href":"https:\/\/isfd106-bue.infd.edu.ar\/sitio\/wp-json\/wp\/v2\/comments?post=1931"}],"version-history":[{"count":1,"href":"https:\/\/isfd106-bue.infd.edu.ar\/sitio\/wp-json\/wp\/v2\/posts\/1931\/revisions"}],"predecessor-version":[{"id":1932,"href":"https:\/\/isfd106-bue.infd.edu.ar\/sitio\/wp-json\/wp\/v2\/posts\/1931\/revisions\/1932"}],"wp:attachment":[{"href":"https:\/\/isfd106-bue.infd.edu.ar\/sitio\/wp-json\/wp\/v2\/media?parent=1931"}],"wp:term":[{"taxonomy":"category","embeddable":true,"href":"https:\/\/isfd106-bue.infd.edu.ar\/sitio\/wp-json\/wp\/v2\/categories?post=1931"},{"taxonomy":"post_tag","embeddable":true,"href":"https:\/\/isfd106-bue.infd.edu.ar\/sitio\/wp-json\/wp\/v2\/tags?post=1931"}],"curies":[{"name":"wp","href":"https:\/\/api.w.org\/{rel}","templated":true}]}}