{"id":1926,"date":"2020-11-27T08:34:07","date_gmt":"2020-11-27T11:34:07","guid":{"rendered":"https:\/\/isfd106-bue.infd.edu.ar\/sitio\/?p=1926"},"modified":"2020-11-27T08:56:31","modified_gmt":"2020-11-27T11:56:31","slug":"triste-noticia-2","status":"publish","type":"post","link":"https:\/\/isfd106-bue.infd.edu.ar\/sitio\/triste-noticia-2\/","title":{"rendered":"Triste noticia&#8230;"},"content":{"rendered":"<p>Informamos a toda la comunidad que hemos recibido la triste noticia del fallecimiento del Profesor Pablo Torres.<\/p>\n<p>Por este motivo se decreta d\u00eda de duelo y se suspenden todas las activida<\/p>\n<p>des institucionales y mesas de ex\u00e1menes. Las mismas ser\u00e1n reprogramadas e informadas.<\/p>\n<p>Acompa\u00f1amos a toda su familia en este momento tan dif\u00edcil.<\/p>\n<p>Muchas Gracias.<\/p>\n<p>Saludos cordiales,<\/p>\n<p>Equipo Directivo.<\/p>\n<p><img decoding=\"async\" loading=\"lazy\" class=\"wp-image-1928 aligncenter\" src=\"https:\/\/isfd106-bue.infd.edu.ar\/sitio\/wp-content\/uploads\/2020\/11\/10398320_1180820050555_1273171_n-500x453.jpg\" alt=\"\" width=\"200\" height=\"181\" \/><\/p>\n","protected":false},"excerpt":{"rendered":"<p>Informamos a toda la comunidad que hemos recibido la triste noticia del fallecimiento del Profesor Pablo Torres. Por este motivo se decreta d\u00eda de duelo y se suspenden todas las activida des institucionales y mesas de ex\u00e1menes. Las mismas ser\u00e1n reprogramadas e informadas. Acompa\u00f1amos a toda su familia en este momento tan dif\u00edcil. Muchas Gracias. &#8230; <a title=\"Triste noticia&#8230;\" class=\"read-more\" href=\"https:\/\/isfd106-bue.infd.edu.ar\/sitio\/triste-noticia-2\/\" aria-label=\"More on Triste noticia&#8230;\">[+]<\/a><\/p>\n","protected":false},"author":589,"featured_media":0,"comment_status":"open","ping_status":"open","sticky":false,"template":"","format":"standard","meta":[],"categories":[7],"tags":[],"acf":[],"_links":{"self":[{"href":"https:\/\/isfd106-bue.infd.edu.ar\/sitio\/wp-json\/wp\/v2\/posts\/1926"}],"collection":[{"href":"https:\/\/isfd106-bue.infd.edu.ar\/sitio\/wp-json\/wp\/v2\/posts"}],"about":[{"href":"https:\/\/isfd106-bue.infd.edu.ar\/sitio\/wp-json\/wp\/v2\/types\/post"}],"author":[{"embeddable":true,"href":"https:\/\/isfd106-bue.infd.edu.ar\/sitio\/wp-json\/wp\/v2\/users\/589"}],"replies":[{"embeddable":true,"href":"https:\/\/isfd106-bue.infd.edu.ar\/sitio\/wp-json\/wp\/v2\/comments?post=1926"}],"version-history":[{"count":3,"href":"https:\/\/isfd106-bue.infd.edu.ar\/sitio\/wp-json\/wp\/v2\/posts\/1926\/revisions"}],"predecessor-version":[{"id":1930,"href":"https:\/\/isfd106-bue.infd.edu.ar\/sitio\/wp-json\/wp\/v2\/posts\/1926\/revisions\/1930"}],"wp:attachment":[{"href":"https:\/\/isfd106-bue.infd.edu.ar\/sitio\/wp-json\/wp\/v2\/media?parent=1926"}],"wp:term":[{"taxonomy":"category","embeddable":true,"href":"https:\/\/isfd106-bue.infd.edu.ar\/sitio\/wp-json\/wp\/v2\/categories?post=1926"},{"taxonomy":"post_tag","embeddable":true,"href":"https:\/\/isfd106-bue.infd.edu.ar\/sitio\/wp-json\/wp\/v2\/tags?post=1926"}],"curies":[{"name":"wp","href":"https:\/\/api.w.org\/{rel}","templated":true}]}}