{"id":1778,"date":"2020-10-12T10:43:57","date_gmt":"2020-10-12T13:43:57","guid":{"rendered":"https:\/\/isfd106-bue.infd.edu.ar\/sitio\/?p=1778"},"modified":"2020-12-18T09:19:52","modified_gmt":"2020-12-18T12:19:52","slug":"ciclo-de-charlas-copret","status":"publish","type":"post","link":"https:\/\/isfd106-bue.infd.edu.ar\/sitio\/ciclo-de-charlas-copret\/","title":{"rendered":"Ciclo de charlas COPRET"},"content":{"rendered":"<p><b>Ciclo de charlas COPRET<\/b><\/p>\n<p style=\"font-weight: 400;\">Este ciclo de conversaciones con especialistas en \u00e1reas clave de conocimiento invita a entender los nuevos desaf\u00edos para mejorar la Educaci\u00f3n T\u00e9cnico Profesional y su vinculaci\u00f3n con el mundo del trabajo, los sectores productivos, la ciencia y la tecnolog\u00eda.<\/p>\n<p style=\"font-weight: 400;\">El pr\u00f3ximo martes 13 de octubre ser\u00e1 el turno de\u00a0<strong>Sergio Feingold<\/strong>\u00a0para charlar sobre\u00a0<strong>Biotecnolog\u00eda<\/strong>, quien como el resto de los invitados estar\u00e1 acompa\u00f1ada por el Secretario Ejecutivo del COPRET,\u00a0<strong>Fernando Tasc\u00f3n<\/strong>. La charla en vivo y abierta al p\u00fablico ser\u00e1 transmitida desde las\u00a017 horas a trav\u00e9s del canal de YouTube de la DGCYE.\u00a0<a href=\"https:\/\/youtu.be\/5qEkI57T4S8\">https:\/\/youtu.be\/5qEkI57T4S8<\/a><\/p>\n<p>&nbsp;<\/p>\n","protected":false},"excerpt":{"rendered":"<p>Ciclo de charlas COPRET Este ciclo de conversaciones con especialistas en \u00e1reas clave de conocimiento invita a entender los nuevos desaf\u00edos para mejorar la Educaci\u00f3n T\u00e9cnico Profesional y su vinculaci\u00f3n con el mundo del trabajo, los sectores productivos, la ciencia y la tecnolog\u00eda. El pr\u00f3ximo martes 13 de octubre ser\u00e1 el turno de\u00a0Sergio Feingold\u00a0para charlar &#8230; <a title=\"Ciclo de charlas COPRET\" class=\"read-more\" href=\"https:\/\/isfd106-bue.infd.edu.ar\/sitio\/ciclo-de-charlas-copret\/\" aria-label=\"More on Ciclo de charlas COPRET\">[+]<\/a><\/p>\n","protected":false},"author":589,"featured_media":0,"comment_status":"closed","ping_status":"open","sticky":false,"template":"","format":"standard","meta":[],"categories":[7],"tags":[],"acf":[],"_links":{"self":[{"href":"https:\/\/isfd106-bue.infd.edu.ar\/sitio\/wp-json\/wp\/v2\/posts\/1778"}],"collection":[{"href":"https:\/\/isfd106-bue.infd.edu.ar\/sitio\/wp-json\/wp\/v2\/posts"}],"about":[{"href":"https:\/\/isfd106-bue.infd.edu.ar\/sitio\/wp-json\/wp\/v2\/types\/post"}],"author":[{"embeddable":true,"href":"https:\/\/isfd106-bue.infd.edu.ar\/sitio\/wp-json\/wp\/v2\/users\/589"}],"replies":[{"embeddable":true,"href":"https:\/\/isfd106-bue.infd.edu.ar\/sitio\/wp-json\/wp\/v2\/comments?post=1778"}],"version-history":[{"count":4,"href":"https:\/\/isfd106-bue.infd.edu.ar\/sitio\/wp-json\/wp\/v2\/posts\/1778\/revisions"}],"predecessor-version":[{"id":1788,"href":"https:\/\/isfd106-bue.infd.edu.ar\/sitio\/wp-json\/wp\/v2\/posts\/1778\/revisions\/1788"}],"wp:attachment":[{"href":"https:\/\/isfd106-bue.infd.edu.ar\/sitio\/wp-json\/wp\/v2\/media?parent=1778"}],"wp:term":[{"taxonomy":"category","embeddable":true,"href":"https:\/\/isfd106-bue.infd.edu.ar\/sitio\/wp-json\/wp\/v2\/categories?post=1778"},{"taxonomy":"post_tag","embeddable":true,"href":"https:\/\/isfd106-bue.infd.edu.ar\/sitio\/wp-json\/wp\/v2\/tags?post=1778"}],"curies":[{"name":"wp","href":"https:\/\/api.w.org\/{rel}","templated":true}]}}