{"id":1744,"date":"2020-10-02T10:46:38","date_gmt":"2020-10-02T13:46:38","guid":{"rendered":"https:\/\/isfd106-bue.infd.edu.ar\/sitio\/?p=1744"},"modified":"2020-12-18T09:20:40","modified_gmt":"2020-12-18T12:20:40","slug":"convocatoria-abierta-para-docentes-en-formacion","status":"publish","type":"post","link":"https:\/\/isfd106-bue.infd.edu.ar\/sitio\/convocatoria-abierta-para-docentes-en-formacion\/","title":{"rendered":"Convocatoria abierta para docentes en formaci\u00f3n"},"content":{"rendered":"<p>Informamos a los estudiantes de 3 y 4 de las carreras: Primaria\/Matem\u00e1tica\/F\u00edsica\/Qu\u00edmica\/Biolog\u00eda que se encuentra abierta la inscripci\u00f3n del 1 al 6 de octubre para el Programa Acompa\u00f1amiento a las Trayectorias y la Revinculaci\u00f3n (ATR) de la DGCYE. Para conocer sobre el programa e inscribirse ingresen aqu\u00ed: <a href=\"http:\/\/abc.gob.ar\/convocatoria-abierta-docentes-en-formacion\">http:\/\/abc.gob.ar\/convocatoria-abierta-docentes-en-formacion<\/a><\/p>\n","protected":false},"excerpt":{"rendered":"<p>Informamos a los estudiantes de 3 y 4 de las carreras: Primaria\/Matem\u00e1tica\/F\u00edsica\/Qu\u00edmica\/Biolog\u00eda que se encuentra abierta la inscripci\u00f3n del 1 al 6 de octubre para el Programa Acompa\u00f1amiento a las Trayectorias y la Revinculaci\u00f3n (ATR) de la DGCYE. Para conocer sobre el programa e inscribirse ingresen aqu\u00ed: http:\/\/abc.gob.ar\/convocatoria-abierta-docentes-en-formacion<\/p>\n","protected":false},"author":589,"featured_media":0,"comment_status":"closed","ping_status":"open","sticky":false,"template":"","format":"standard","meta":[],"categories":[7],"tags":[],"acf":[],"_links":{"self":[{"href":"https:\/\/isfd106-bue.infd.edu.ar\/sitio\/wp-json\/wp\/v2\/posts\/1744"}],"collection":[{"href":"https:\/\/isfd106-bue.infd.edu.ar\/sitio\/wp-json\/wp\/v2\/posts"}],"about":[{"href":"https:\/\/isfd106-bue.infd.edu.ar\/sitio\/wp-json\/wp\/v2\/types\/post"}],"author":[{"embeddable":true,"href":"https:\/\/isfd106-bue.infd.edu.ar\/sitio\/wp-json\/wp\/v2\/users\/589"}],"replies":[{"embeddable":true,"href":"https:\/\/isfd106-bue.infd.edu.ar\/sitio\/wp-json\/wp\/v2\/comments?post=1744"}],"version-history":[{"count":1,"href":"https:\/\/isfd106-bue.infd.edu.ar\/sitio\/wp-json\/wp\/v2\/posts\/1744\/revisions"}],"predecessor-version":[{"id":1745,"href":"https:\/\/isfd106-bue.infd.edu.ar\/sitio\/wp-json\/wp\/v2\/posts\/1744\/revisions\/1745"}],"wp:attachment":[{"href":"https:\/\/isfd106-bue.infd.edu.ar\/sitio\/wp-json\/wp\/v2\/media?parent=1744"}],"wp:term":[{"taxonomy":"category","embeddable":true,"href":"https:\/\/isfd106-bue.infd.edu.ar\/sitio\/wp-json\/wp\/v2\/categories?post=1744"},{"taxonomy":"post_tag","embeddable":true,"href":"https:\/\/isfd106-bue.infd.edu.ar\/sitio\/wp-json\/wp\/v2\/tags?post=1744"}],"curies":[{"name":"wp","href":"https:\/\/api.w.org\/{rel}","templated":true}]}}