{"id":1659,"date":"2020-08-20T14:32:16","date_gmt":"2020-08-20T17:32:16","guid":{"rendered":"https:\/\/isfd106-bue.infd.edu.ar\/sitio\/?p=1659"},"modified":"2020-08-20T14:38:53","modified_gmt":"2020-08-20T17:38:53","slug":"suspension-de-actividades-urgente","status":"publish","type":"post","link":"https:\/\/isfd106-bue.infd.edu.ar\/sitio\/suspension-de-actividades-urgente\/","title":{"rendered":"Suspensi\u00f3n de actividades &#8211; Urgente!!!"},"content":{"rendered":"<blockquote><p>Buenas tardes a todos informamos que el d\u00eda <strong>viernes<\/strong> <strong>21 de agosto<\/strong>\u00a0<strong>NO<\/strong> <strong>habr\u00e1\u00a0actividades en toda la Unidad Acad\u00e9mica<\/strong> por duelo, debido al fallecimiento de una alumna de Nivel Secundario. Acompa\u00f1amos a toda su familia, compa\u00f1eros, docentes y a toda la Comunidad Educativa en este momento.<\/p>\n<p>Las mesas de ex\u00e1menes ser\u00e1n reprogramadas por el docente titular de la c\u00e1tedra antes del 27 de agosto y avisar\u00e1 a los estudiantes y al Equipo Directivo la nueva fecha.<\/p>\n<p>Tambi\u00e9n ser\u00e1n reprogramadas todas aquellas actividades virtuales previstas para dicha fecha.<\/p>\n<p>Muchas gracias<\/p><\/blockquote>\n<p><!--more--><\/p>\n","protected":false},"excerpt":{"rendered":"<p>Buenas tardes a todos informamos que el d\u00eda viernes 21 de agosto\u00a0NO habr\u00e1\u00a0actividades en toda la Unidad Acad\u00e9mica por duelo, debido al fallecimiento de una alumna de Nivel Secundario. Acompa\u00f1amos a toda su familia, compa\u00f1eros, docentes y a toda la Comunidad Educativa en este momento. Las mesas de ex\u00e1menes ser\u00e1n reprogramadas por el docente titular &#8230; <a title=\"Suspensi\u00f3n de actividades &#8211; Urgente!!!\" class=\"read-more\" href=\"https:\/\/isfd106-bue.infd.edu.ar\/sitio\/suspension-de-actividades-urgente\/\" aria-label=\"More on Suspensi\u00f3n de actividades &#8211; Urgente!!!\">[+]<\/a><\/p>\n","protected":false},"author":589,"featured_media":0,"comment_status":"closed","ping_status":"open","sticky":false,"template":"","format":"standard","meta":[],"categories":[7],"tags":[],"acf":[],"_links":{"self":[{"href":"https:\/\/isfd106-bue.infd.edu.ar\/sitio\/wp-json\/wp\/v2\/posts\/1659"}],"collection":[{"href":"https:\/\/isfd106-bue.infd.edu.ar\/sitio\/wp-json\/wp\/v2\/posts"}],"about":[{"href":"https:\/\/isfd106-bue.infd.edu.ar\/sitio\/wp-json\/wp\/v2\/types\/post"}],"author":[{"embeddable":true,"href":"https:\/\/isfd106-bue.infd.edu.ar\/sitio\/wp-json\/wp\/v2\/users\/589"}],"replies":[{"embeddable":true,"href":"https:\/\/isfd106-bue.infd.edu.ar\/sitio\/wp-json\/wp\/v2\/comments?post=1659"}],"version-history":[{"count":2,"href":"https:\/\/isfd106-bue.infd.edu.ar\/sitio\/wp-json\/wp\/v2\/posts\/1659\/revisions"}],"predecessor-version":[{"id":1664,"href":"https:\/\/isfd106-bue.infd.edu.ar\/sitio\/wp-json\/wp\/v2\/posts\/1659\/revisions\/1664"}],"wp:attachment":[{"href":"https:\/\/isfd106-bue.infd.edu.ar\/sitio\/wp-json\/wp\/v2\/media?parent=1659"}],"wp:term":[{"taxonomy":"category","embeddable":true,"href":"https:\/\/isfd106-bue.infd.edu.ar\/sitio\/wp-json\/wp\/v2\/categories?post=1659"},{"taxonomy":"post_tag","embeddable":true,"href":"https:\/\/isfd106-bue.infd.edu.ar\/sitio\/wp-json\/wp\/v2\/tags?post=1659"}],"curies":[{"name":"wp","href":"https:\/\/api.w.org\/{rel}","templated":true}]}}