{"id":1576,"date":"2020-07-20T20:39:38","date_gmt":"2020-07-20T23:39:38","guid":{"rendered":"https:\/\/isfd106-bue.infd.edu.ar\/sitio\/?p=1576"},"modified":"2020-12-18T09:21:10","modified_gmt":"2020-12-18T12:21:10","slug":"receso-escolar-de-invierno","status":"publish","type":"post","link":"https:\/\/isfd106-bue.infd.edu.ar\/sitio\/receso-escolar-de-invierno\/","title":{"rendered":"Receso Escolar de Invierno"},"content":{"rendered":"<p>Se les recuerda que desde el <strong>20 al 31 de<\/strong> <strong>julio<\/strong> se desarrolla el <strong>Receso Escolar de<\/strong> <strong>Invierno<\/strong>, por lo tanto no se realizar\u00e1n ning\u00fan tipo de tr\u00e1mite administrativo, ni se extender\u00e1 ninguna constancia y\/o certificado.<\/p>\n<p>A partir del 03\/08 se retoman todas las actividades<\/p>\n<p>&nbsp;<\/p>\n","protected":false},"excerpt":{"rendered":"<p>Se les recuerda que desde el 20 al 31 de julio se desarrolla el Receso Escolar de Invierno, por lo tanto no se realizar\u00e1n ning\u00fan tipo de tr\u00e1mite administrativo, ni se extender\u00e1 ninguna constancia y\/o certificado. A partir del 03\/08 se retoman todas las actividades &nbsp;<\/p>\n","protected":false},"author":589,"featured_media":0,"comment_status":"open","ping_status":"open","sticky":false,"template":"","format":"standard","meta":[],"categories":[7],"tags":[],"acf":[],"_links":{"self":[{"href":"https:\/\/isfd106-bue.infd.edu.ar\/sitio\/wp-json\/wp\/v2\/posts\/1576"}],"collection":[{"href":"https:\/\/isfd106-bue.infd.edu.ar\/sitio\/wp-json\/wp\/v2\/posts"}],"about":[{"href":"https:\/\/isfd106-bue.infd.edu.ar\/sitio\/wp-json\/wp\/v2\/types\/post"}],"author":[{"embeddable":true,"href":"https:\/\/isfd106-bue.infd.edu.ar\/sitio\/wp-json\/wp\/v2\/users\/589"}],"replies":[{"embeddable":true,"href":"https:\/\/isfd106-bue.infd.edu.ar\/sitio\/wp-json\/wp\/v2\/comments?post=1576"}],"version-history":[{"count":1,"href":"https:\/\/isfd106-bue.infd.edu.ar\/sitio\/wp-json\/wp\/v2\/posts\/1576\/revisions"}],"predecessor-version":[{"id":1577,"href":"https:\/\/isfd106-bue.infd.edu.ar\/sitio\/wp-json\/wp\/v2\/posts\/1576\/revisions\/1577"}],"wp:attachment":[{"href":"https:\/\/isfd106-bue.infd.edu.ar\/sitio\/wp-json\/wp\/v2\/media?parent=1576"}],"wp:term":[{"taxonomy":"category","embeddable":true,"href":"https:\/\/isfd106-bue.infd.edu.ar\/sitio\/wp-json\/wp\/v2\/categories?post=1576"},{"taxonomy":"post_tag","embeddable":true,"href":"https:\/\/isfd106-bue.infd.edu.ar\/sitio\/wp-json\/wp\/v2\/tags?post=1576"}],"curies":[{"name":"wp","href":"https:\/\/api.w.org\/{rel}","templated":true}]}}