{"id":1449,"date":"2020-06-29T16:43:49","date_gmt":"2020-06-29T19:43:49","guid":{"rendered":"https:\/\/isfd106-bue.infd.edu.ar\/sitio\/?p=1449"},"modified":"2020-12-18T09:21:34","modified_gmt":"2020-12-18T12:21:34","slug":"mesas-de-examenes","status":"publish","type":"post","link":"https:\/\/isfd106-bue.infd.edu.ar\/sitio\/mesas-de-examenes\/","title":{"rendered":"Mesas de ex\u00e1menes"},"content":{"rendered":"<blockquote><p><b>Mesas de ex\u00e1menes suspendidas del turno de marzo, y las mesas del turno julio\/agosto<\/b><\/p><\/blockquote>\n<p>Ante la situaci\u00f3n del Aislamiento Social, Preventivo y Obligatorio (ASPO) generada por el COVID &#8211; 19, el d\u00eda 05\/06\/2020 se realiz\u00f3 la reuni\u00f3n del Consejo Regional de Directores con la inspectora del nivel y se lleg\u00f3 al siguiente acuerdo:<\/p>\n<ul>\n<li>Mesas suspendidas del 16 y 17\/03 se tomar\u00e1n de manera virtual entre el 18 y 24\/08, respetando la inscripci\u00f3n realizada en su momento.<\/li>\n<li>Mesas del turno julio\/agosto 2020 se podr\u00e1n inscribir :<\/li>\n<\/ul>\n<ol>\n<li>Alumnos que no adeudan cursadas de materias del plan de estudios, y tienen que rendir materias para recibirse y terminar la carrera.<\/li>\n<li>Alumnos del \u00faltimo del \u00faltimo a\u00f1o de la carrera que decidan avanzar en la terminalidad.<\/li>\n<li>Alumnos del 3er a\u00f1o que decidan avanzar en la carrera.<\/li>\n<\/ol>\n<p>Las mesas se tomar\u00e1n entre 24 y el 31\/08 y en breve se abrir\u00e1 el formulario correspondiente.<\/p>\n<p style=\"text-align: left;\"><em><strong>Nota aclaratoria:<\/strong><\/em><\/p>\n<p>1- No habr\u00e1 mesas de ex\u00e1menes en esta etapa para 1ro y 2do a\u00f1o, si bien los alumnos est\u00e1n cursando materias correlativas en formato condicional tendr\u00e1n posibilidades de regularizar la situaci\u00f3n acad\u00e9mica en los turnos de nov\/dic y feb\/marzo 2021<\/p>\n<p>2- No habr\u00e1 mesas para EDI, Seminarios, Talleres, Ateneo, TFO, Pr\u00e1ctica Docente.<\/p>\n<p>3- Las siguientes mesas del turno de marzo que solo correspond\u00eda pasar notas (tramos, pr\u00e1ctica docente) ya fueron pasadas al libro:<\/p>\n<p>Pr\u00e1ctica Docente de todos los a\u00f1os y todas las carreras, de aquellos alumnos que estaban en condiciones<\/p>\n<p>Matem\u00e1tica: Pedagog\u00eda, Did\u00e1ctica General, Problem\u00e1ticas Socio Institucionales, Ense\u00f1ar con tecnolog\u00edas<\/p>\n<p>Ciencias Naturales: Perspectiva Socio Pol\u00edtica<\/p>\n<p>Qu\u00edmica: Perspectiva Pol\u00edtico Institucional<\/p>\n<p>4- <em><b>El ciclo lectivo 2020 no ser\u00e1 contabilizado entre los 5 a\u00f1os de vigencia de acreditaci\u00f3n\u00a0de la cursada<\/b><\/em>. (Circular t\u00e9cnica conjunta 2\/20).<\/p>\n","protected":false},"excerpt":{"rendered":"<p>Mesas de ex\u00e1menes suspendidas del turno de marzo, y las mesas del turno julio\/agosto Ante la situaci\u00f3n del Aislamiento Social, Preventivo y Obligatorio (ASPO) generada por el COVID &#8211; 19, el d\u00eda 05\/06\/2020 se realiz\u00f3 la reuni\u00f3n del Consejo Regional de Directores con la inspectora del nivel y se lleg\u00f3 al siguiente acuerdo: Mesas suspendidas &#8230; <a title=\"Mesas de ex\u00e1menes\" class=\"read-more\" href=\"https:\/\/isfd106-bue.infd.edu.ar\/sitio\/mesas-de-examenes\/\" aria-label=\"More on Mesas de ex\u00e1menes\">[+]<\/a><\/p>\n","protected":false},"author":589,"featured_media":0,"comment_status":"closed","ping_status":"open","sticky":false,"template":"","format":"standard","meta":[],"categories":[7],"tags":[19],"acf":[],"_links":{"self":[{"href":"https:\/\/isfd106-bue.infd.edu.ar\/sitio\/wp-json\/wp\/v2\/posts\/1449"}],"collection":[{"href":"https:\/\/isfd106-bue.infd.edu.ar\/sitio\/wp-json\/wp\/v2\/posts"}],"about":[{"href":"https:\/\/isfd106-bue.infd.edu.ar\/sitio\/wp-json\/wp\/v2\/types\/post"}],"author":[{"embeddable":true,"href":"https:\/\/isfd106-bue.infd.edu.ar\/sitio\/wp-json\/wp\/v2\/users\/589"}],"replies":[{"embeddable":true,"href":"https:\/\/isfd106-bue.infd.edu.ar\/sitio\/wp-json\/wp\/v2\/comments?post=1449"}],"version-history":[{"count":9,"href":"https:\/\/isfd106-bue.infd.edu.ar\/sitio\/wp-json\/wp\/v2\/posts\/1449\/revisions"}],"predecessor-version":[{"id":1459,"href":"https:\/\/isfd106-bue.infd.edu.ar\/sitio\/wp-json\/wp\/v2\/posts\/1449\/revisions\/1459"}],"wp:attachment":[{"href":"https:\/\/isfd106-bue.infd.edu.ar\/sitio\/wp-json\/wp\/v2\/media?parent=1449"}],"wp:term":[{"taxonomy":"category","embeddable":true,"href":"https:\/\/isfd106-bue.infd.edu.ar\/sitio\/wp-json\/wp\/v2\/categories?post=1449"},{"taxonomy":"post_tag","embeddable":true,"href":"https:\/\/isfd106-bue.infd.edu.ar\/sitio\/wp-json\/wp\/v2\/tags?post=1449"}],"curies":[{"name":"wp","href":"https:\/\/api.w.org\/{rel}","templated":true}]}}