{"id":1400,"date":"2020-06-04T21:34:26","date_gmt":"2020-06-05T00:34:26","guid":{"rendered":"https:\/\/isfd106-bue.infd.edu.ar\/sitio\/?p=1400"},"modified":"2020-07-08T19:56:32","modified_gmt":"2020-07-08T22:56:32","slug":"prorroga-del-ingreso-a-la-docencia","status":"publish","type":"post","link":"https:\/\/isfd106-bue.infd.edu.ar\/sitio\/prorroga-del-ingreso-a-la-docencia\/","title":{"rendered":"Pr\u00f3rroga del Ingreso a la Docencia"},"content":{"rendered":"<p><span style=\"color: #ff0000;\">Se copia Comunicado N\u00ba57 de SAD<\/span><\/p>\n<p>Se transcribe y difunde Comunicaci\u00f3n recepcionada de Direcci\u00f3n de Gesti\u00f3n de Asuntos Docentes en el d\u00eda de la fecha en referencia a<br \/>\nINSCRIPCI\u00d2N INGRESO A LA DOCENCIA 2020-2021.<br \/>\n<em>&#8230;&#8230;En relaci\u00f3n a los plazos para la inscripci\u00f3n a los Listados de Ingreso a la\u00a0Docencia 2020\/2021 y atento a la situaci\u00f3n de aislamiento social, preventivo y\u00a0obligatorio, se informa que se van a garantizar las inscripciones de todos los\u00a0aspirantes nuevos, y de aquellos docentes que deben adjuntar documentaci\u00f3n\u00a0rectificatoria, por ello, es necesario establecer una pr\u00f3rroga, con lo cual , el\u00a0plazo se extender\u00e1 hasta el d\u00eda 10 de Julio del 2020.Asimismo, se informa\u00a0que a la brevedad se dispondr\u00e1 del procedimiento para dar curso a dichas\u00a0inscripciones, el mismo ser\u00e1 comunicado oportunamente &#8230;..<\/em><br \/>\nPor tanto, por la informaci\u00f3n anteriormente expuesta\u00a0Secretaria de Asuntos Docentes Matanza 1 y 2 quieren llevar tranquilidad, y<br \/>\nseguridad a todos los docentes , garantiz\u00e1ndoles que se respetar\u00e1 el\u00a0derecho de todos ellos a realizar su inscripci\u00f3n de acuerdo a cada necesidad.<br \/>\nEn pr\u00f3ximo comunicado se dar\u00e1n a conocer los mecanismos a utilizar para dar\u00a0cumplimentaci\u00f3n a esta instancia de Inscripci\u00f3n en tiempos de Cuarentena.-<br \/>\nQu\u00e9date en casa<br \/>\nSECRETARIA DE ASUNTOS DOCENTES LA MATANZA 1 y 2<\/p>\n<p><a href=\"https:\/\/drive.google.com\/file\/d\/1Zw9dDCqB3rkaJnsArR1OMvgbwJ1sUAG4\/view\">https:\/\/drive.google.com\/file\/d\/1Zw9dDCqB3rkaJnsArR1OMvgbwJ1sUAG4\/view<\/a><\/p>\n","protected":false},"excerpt":{"rendered":"<p>Se copia Comunicado N\u00ba57 de SAD Se transcribe y difunde Comunicaci\u00f3n recepcionada de Direcci\u00f3n de Gesti\u00f3n de Asuntos Docentes en el d\u00eda de la fecha en referencia a INSCRIPCI\u00d2N INGRESO A LA DOCENCIA 2020-2021. &#8230;&#8230;En relaci\u00f3n a los plazos para la inscripci\u00f3n a los Listados de Ingreso a la\u00a0Docencia 2020\/2021 y atento a la situaci\u00f3n &#8230; <a title=\"Pr\u00f3rroga del Ingreso a la Docencia\" class=\"read-more\" href=\"https:\/\/isfd106-bue.infd.edu.ar\/sitio\/prorroga-del-ingreso-a-la-docencia\/\" aria-label=\"More on Pr\u00f3rroga del Ingreso a la Docencia\">[+]<\/a><\/p>\n","protected":false},"author":589,"featured_media":0,"comment_status":"closed","ping_status":"open","sticky":false,"template":"","format":"standard","meta":[],"categories":[1],"tags":[],"acf":[],"_links":{"self":[{"href":"https:\/\/isfd106-bue.infd.edu.ar\/sitio\/wp-json\/wp\/v2\/posts\/1400"}],"collection":[{"href":"https:\/\/isfd106-bue.infd.edu.ar\/sitio\/wp-json\/wp\/v2\/posts"}],"about":[{"href":"https:\/\/isfd106-bue.infd.edu.ar\/sitio\/wp-json\/wp\/v2\/types\/post"}],"author":[{"embeddable":true,"href":"https:\/\/isfd106-bue.infd.edu.ar\/sitio\/wp-json\/wp\/v2\/users\/589"}],"replies":[{"embeddable":true,"href":"https:\/\/isfd106-bue.infd.edu.ar\/sitio\/wp-json\/wp\/v2\/comments?post=1400"}],"version-history":[{"count":2,"href":"https:\/\/isfd106-bue.infd.edu.ar\/sitio\/wp-json\/wp\/v2\/posts\/1400\/revisions"}],"predecessor-version":[{"id":1402,"href":"https:\/\/isfd106-bue.infd.edu.ar\/sitio\/wp-json\/wp\/v2\/posts\/1400\/revisions\/1402"}],"wp:attachment":[{"href":"https:\/\/isfd106-bue.infd.edu.ar\/sitio\/wp-json\/wp\/v2\/media?parent=1400"}],"wp:term":[{"taxonomy":"category","embeddable":true,"href":"https:\/\/isfd106-bue.infd.edu.ar\/sitio\/wp-json\/wp\/v2\/categories?post=1400"},{"taxonomy":"post_tag","embeddable":true,"href":"https:\/\/isfd106-bue.infd.edu.ar\/sitio\/wp-json\/wp\/v2\/tags?post=1400"}],"curies":[{"name":"wp","href":"https:\/\/api.w.org\/{rel}","templated":true}]}}