{"id":1397,"date":"2020-05-28T22:37:30","date_gmt":"2020-05-29T01:37:30","guid":{"rendered":"https:\/\/isfd106-bue.infd.edu.ar\/sitio\/?p=1397"},"modified":"2020-12-18T09:21:56","modified_gmt":"2020-12-18T12:21:56","slug":"importante-4to-primaria-recibidas","status":"publish","type":"post","link":"https:\/\/isfd106-bue.infd.edu.ar\/sitio\/importante-4to-primaria-recibidas\/","title":{"rendered":"IMPORTANTE&#8230; 4to PRIMARIA &#8211; RECIBIDAS"},"content":{"rendered":"<p>Informamos por este medio que se ha cumplimentado el tr\u00e1mite administrativo pertinente para materias ya acreditadas, con lo cual se cerr\u00f3 la carrera de las siguientes alumnas de la carrera del Profesorado de Educaci\u00f3n Primaria:<\/p>\n<p style=\"text-align: center;\"><em>Andreoni Cecilia<\/em><br \/>\n<em>Bejarano Hilda<\/em><br \/>\n<em>C\u00e1ceres Noelia<\/em><br \/>\n<em>C\u00f3rdoba Magali<\/em><br \/>\n<em>Ferreira Leal Daniela<\/em><br \/>\n<em>Heffling Anabela<\/em><br \/>\n<em>Irusta Noelia<\/em><br \/>\n<em>Medina Sucapoca Antonella<\/em><br \/>\n<em>Patete Mar\u00eda<\/em><br \/>\n<em>Puntos Miranda Vanina<\/em><br \/>\n<em>Puebla Canevaro Sof\u00eda<\/em><br \/>\n<em>Rodr\u00edguez Mar\u00eda Bel\u00e9n<\/em><br \/>\n<em>Rubio Florencia<\/em><br \/>\n<em>Ruiz D\u00edaz Nadia<\/em><br \/>\n<em>Sadlovsky Soledad<\/em><br \/>\n<em>Sciancalepore Sheila<\/em><br \/>\n<em>Spata Ver\u00f3nica <\/em><br \/>\n<em>Torres Carolina<\/em><\/p>\n<p>Solicitamos tengan a bien enviar un correo electr\u00f3nico al <a href=\"mailto:106instituto@gmail.com\">106instituto@gmail.com<\/a> para iniciar su tr\u00e1mite de titulaci\u00f3n<\/p>\n<p>&nbsp;<\/p>\n<p style=\"text-align: center;\"><strong><span style=\"color: #993366;\"><em><span style=\"color: #ff99cc;\">FELICITAMOS A TODAS ELLAS POR HABER CULMINADO SU CARRERA!!!!\u00a0 Y LES DESEAMOS \u00c9XITOS!!!\u00a0<\/span><\/em><\/span><\/strong><\/p>\n","protected":false},"excerpt":{"rendered":"<p>Informamos por este medio que se ha cumplimentado el tr\u00e1mite administrativo pertinente para materias ya acreditadas, con lo cual se cerr\u00f3 la carrera de las siguientes alumnas de la carrera del Profesorado de Educaci\u00f3n Primaria: Andreoni Cecilia Bejarano Hilda C\u00e1ceres Noelia C\u00f3rdoba Magali Ferreira Leal Daniela Heffling Anabela Irusta Noelia Medina Sucapoca Antonella Patete Mar\u00eda &#8230; <a title=\"IMPORTANTE&#8230; 4to PRIMARIA &#8211; RECIBIDAS\" class=\"read-more\" href=\"https:\/\/isfd106-bue.infd.edu.ar\/sitio\/importante-4to-primaria-recibidas\/\" aria-label=\"More on IMPORTANTE&#8230; 4to PRIMARIA &#8211; RECIBIDAS\">[+]<\/a><\/p>\n","protected":false},"author":589,"featured_media":0,"comment_status":"closed","ping_status":"open","sticky":false,"template":"","format":"standard","meta":[],"categories":[7],"tags":[],"acf":[],"_links":{"self":[{"href":"https:\/\/isfd106-bue.infd.edu.ar\/sitio\/wp-json\/wp\/v2\/posts\/1397"}],"collection":[{"href":"https:\/\/isfd106-bue.infd.edu.ar\/sitio\/wp-json\/wp\/v2\/posts"}],"about":[{"href":"https:\/\/isfd106-bue.infd.edu.ar\/sitio\/wp-json\/wp\/v2\/types\/post"}],"author":[{"embeddable":true,"href":"https:\/\/isfd106-bue.infd.edu.ar\/sitio\/wp-json\/wp\/v2\/users\/589"}],"replies":[{"embeddable":true,"href":"https:\/\/isfd106-bue.infd.edu.ar\/sitio\/wp-json\/wp\/v2\/comments?post=1397"}],"version-history":[{"count":1,"href":"https:\/\/isfd106-bue.infd.edu.ar\/sitio\/wp-json\/wp\/v2\/posts\/1397\/revisions"}],"predecessor-version":[{"id":1398,"href":"https:\/\/isfd106-bue.infd.edu.ar\/sitio\/wp-json\/wp\/v2\/posts\/1397\/revisions\/1398"}],"wp:attachment":[{"href":"https:\/\/isfd106-bue.infd.edu.ar\/sitio\/wp-json\/wp\/v2\/media?parent=1397"}],"wp:term":[{"taxonomy":"category","embeddable":true,"href":"https:\/\/isfd106-bue.infd.edu.ar\/sitio\/wp-json\/wp\/v2\/categories?post=1397"},{"taxonomy":"post_tag","embeddable":true,"href":"https:\/\/isfd106-bue.infd.edu.ar\/sitio\/wp-json\/wp\/v2\/tags?post=1397"}],"curies":[{"name":"wp","href":"https:\/\/api.w.org\/{rel}","templated":true}]}}