{"id":1353,"date":"2020-05-09T17:32:35","date_gmt":"2020-05-09T20:32:35","guid":{"rendered":"https:\/\/isfd106-bue.infd.edu.ar\/sitio\/?p=1353"},"modified":"2020-07-20T13:39:19","modified_gmt":"2020-07-20T16:39:19","slug":"felices-64-anos-ensa","status":"publish","type":"post","link":"https:\/\/isfd106-bue.infd.edu.ar\/sitio\/felices-64-anos-ensa\/","title":{"rendered":"Felices 64 a\u00f1os ENSA!!!!!"},"content":{"rendered":"<p>Sab\u00edas que?&#8230; <span style=\"color: #ff00ff;\"><strong>Hoy nuestra Escuela Normal Superior Almafuerte, cumple 64 a\u00f1os.<\/strong><\/span><br \/>\nEl 9 de mayo de 1956, comenz\u00f3 a funcionar en el espacio que hoy llaman \u00abpatio viejo\u00bb del edificio de la Municipalidad de La Matanza, en la esquina de Almafuerte e Irigoyen.<br \/>\nEn ese patio, dos grandes \u00e1rboles de camelias, uno rosa y otro blanco, se ergu\u00edan imponentes.<br \/>\nPor este motivo , la camelia rosa es s\u00edmbolo de nuestra escuela.<br \/>\nEl actual edificio, se comenz\u00f3 a utilizar en 1980.<span class=\"text_exposed_show\"><br \/>\nSu nombre, Almafuerte, evoca a un maestro, poeta, y pol\u00edtico que naci\u00f3 en San Justo, muy cerca de Villegas y Arieta, y desempe\u00f1\u00f3 una labor ejemplar en nuestra localidad. En la esquina de la plaza San Justo, se encuentra un monumento que lo evoca y recuerda.<br \/>\nEn estos 64 a\u00f1os, han egresados miles de estudiantes que llevan orgullosos, en su alma, una camelia rosa.<br \/>\nHoy, no podemos celebrar en el edificio. Pero quienes somos parte de esta escuela, celebramos emocionados haber sido y\/o ser parte de esta comunidad educativa.<br \/>\nGracias a todos los directivos, docentes y estudiantes que han sido parte, y a los que hoy, siguen este legado.<br \/>\nFeliz aniversario escuela! Hasta que nos volvamos a encontrar&#8230;<\/span><\/p>\n","protected":false},"excerpt":{"rendered":"<p>Sab\u00edas que?&#8230; Hoy nuestra Escuela Normal Superior Almafuerte, cumple 64 a\u00f1os. El 9 de mayo de 1956, comenz\u00f3 a funcionar en el espacio que hoy llaman \u00abpatio viejo\u00bb del edificio de la Municipalidad de La Matanza, en la esquina de Almafuerte e Irigoyen. En ese patio, dos grandes \u00e1rboles de camelias, uno rosa y otro &#8230; <a title=\"Felices 64 a\u00f1os ENSA!!!!!\" class=\"read-more\" href=\"https:\/\/isfd106-bue.infd.edu.ar\/sitio\/felices-64-anos-ensa\/\" aria-label=\"More on Felices 64 a\u00f1os ENSA!!!!!\">[+]<\/a><\/p>\n","protected":false},"author":589,"featured_media":1355,"comment_status":"closed","ping_status":"open","sticky":false,"template":"","format":"standard","meta":[],"categories":[7],"tags":[],"acf":[],"_links":{"self":[{"href":"https:\/\/isfd106-bue.infd.edu.ar\/sitio\/wp-json\/wp\/v2\/posts\/1353"}],"collection":[{"href":"https:\/\/isfd106-bue.infd.edu.ar\/sitio\/wp-json\/wp\/v2\/posts"}],"about":[{"href":"https:\/\/isfd106-bue.infd.edu.ar\/sitio\/wp-json\/wp\/v2\/types\/post"}],"author":[{"embeddable":true,"href":"https:\/\/isfd106-bue.infd.edu.ar\/sitio\/wp-json\/wp\/v2\/users\/589"}],"replies":[{"embeddable":true,"href":"https:\/\/isfd106-bue.infd.edu.ar\/sitio\/wp-json\/wp\/v2\/comments?post=1353"}],"version-history":[{"count":2,"href":"https:\/\/isfd106-bue.infd.edu.ar\/sitio\/wp-json\/wp\/v2\/posts\/1353\/revisions"}],"predecessor-version":[{"id":1357,"href":"https:\/\/isfd106-bue.infd.edu.ar\/sitio\/wp-json\/wp\/v2\/posts\/1353\/revisions\/1357"}],"wp:featuredmedia":[{"embeddable":true,"href":"https:\/\/isfd106-bue.infd.edu.ar\/sitio\/wp-json\/wp\/v2\/media\/1355"}],"wp:attachment":[{"href":"https:\/\/isfd106-bue.infd.edu.ar\/sitio\/wp-json\/wp\/v2\/media?parent=1353"}],"wp:term":[{"taxonomy":"category","embeddable":true,"href":"https:\/\/isfd106-bue.infd.edu.ar\/sitio\/wp-json\/wp\/v2\/categories?post=1353"},{"taxonomy":"post_tag","embeddable":true,"href":"https:\/\/isfd106-bue.infd.edu.ar\/sitio\/wp-json\/wp\/v2\/tags?post=1353"}],"curies":[{"name":"wp","href":"https:\/\/api.w.org\/{rel}","templated":true}]}}