{"id":1304,"date":"2020-04-07T16:18:47","date_gmt":"2020-04-07T19:18:47","guid":{"rendered":"https:\/\/isfd106-bue.infd.edu.ar\/sitio\/?p=1304"},"modified":"2020-12-18T09:23:29","modified_gmt":"2020-12-18T12:23:29","slug":"importante-desbloqueo-de-netbooks","status":"publish","type":"post","link":"https:\/\/isfd106-bue.infd.edu.ar\/sitio\/importante-desbloqueo-de-netbooks\/","title":{"rendered":"IMPORTANTE DESBLOQUEO DE NETBOOKS"},"content":{"rendered":"<p>Hola a todos, les transmitimos un mensaje de la Direcci\u00f3n de tecnolog\u00eda educativa sobre desbloqueo de netbooks<\/p>\n<p><strong>La\u00a0 Plata, 6 de abril de 2020<\/strong><\/p>\n<p><strong>Ref.: Comunicaci\u00f3n para desbloqueo de netbooks Conectar Igualdad<\/strong><\/p>\n<p>A los y las Inspectores Jefes Regionales de Gesti\u00f3n Estatal<\/p>\n<p>A Equipos Directivos y Docentes de Nivel Secundario<\/p>\n<p>A Equipos Directivos y Docentes de la Modalidad de Educaci\u00f3n Especial<\/p>\n<p>A Equipos Directivos y Docentes de Nivel Superior<\/p>\n<p>En el marco de la situaci\u00f3n de contingencia derivada de las medidas destinadas a limitar la propagaci\u00f3n del COVID \u2013 19, teniendo en cuenta la suspensi\u00f3n de clases presenciales, y <strong>previendo la continuidad pedag\u00f3gica<\/strong> con diversas propuestas\u00a0 de ense\u00f1anza realizadas por docentes en toda la provincia a trav\u00e9s de la educaci\u00f3n a distancia,\u00a0 esta Direcci\u00f3n informa que se ha decidido realizar de manera extraordinaria un nuevo proceso de <strong>desbloqueo de las netbook del Programa Conectar Igualdad entregadas a docentes y estudiantes hasta el a\u00f1o 2017.<\/strong><\/p>\n<p>La no vinculaci\u00f3n de las netbooks a los servidores escolares provoca el bloqueo del dispositivo, por lo que esta Direcci\u00f3n gestion\u00f3 ante Educar la construcci\u00f3n de \u201cpaquetes de recertificaci\u00f3n\u201d que son una soluci\u00f3n a los bloqueos sin la necesidad de hacerse presente en la escuela.<\/p>\n<p><strong>Para la solicitud de estos paquetes es necesario disponer de una serie de datos que muestra cada netbook en su pantalla bloqueada y que son espec\u00edficos de cada dispositivo.<\/strong><\/p>\n<p>Para esto generamos un formulario a trav\u00e9s del cual cada docente y estudiante podr\u00e1 demandar el paquete<strong> sin necesidad de intervenci\u00f3n de terceros y\/o moverse de su casa<\/strong>. El env\u00edo del archivo para desbloquear la netbook y el instructivo de ejecuci\u00f3n llegar\u00e1n al correo electr\u00f3nico del\/la solicitante y quedar\u00e1 establecida una comunicaci\u00f3n para el caso en que el demandante necesite ayuda.<\/p>\n<p>Para acceder a dicho Formulario y solicitar el paquete deben ingresar al siguiente enlace: <a href=\"https:\/\/forms.gle\/BguPCKXJ8Tgu3kQx8\">https:\/\/forms.gle\/BguPCKXJ8Tgu3kQx8<\/a><\/p>\n<p>A su vez, para aquellas netbooks recibidas a partir del a\u00f1o 2017 y que no est\u00e1n asociadas al servidor escolar sino que responden a un servidor virtualizado al que se comunican a trav\u00e9s de internet, la gesti\u00f3n del desbloqueo se mantiene a trav\u00e9s de una solicitud llamando al 0800-444-1115 (Educar).<\/p>\n<p style=\"text-align: right;\">\u00a0\u00a0\u00a0\u00a0\u00a0\u00a0\u00a0\u00a0\u00a0\u00a0\u00a0\u00a0\u00a0\u00a0\u00a0\u00a0\u00a0\u00a0\u00a0\u00a0\u00a0\u00a0\u00a0 Atentamente.<\/p>\n<p style=\"text-align: right;\">\u00a0\u00a0\u00a0\u00a0\u00a0\u00a0\u00a0\u00a0\u00a0\u00a0\u00a0\u00a0\u00a0\u00a0\u00a0\u00a0\u00a0\u00a0\u00a0\u00a0\u00a0\u00a0\u00a0 Iv\u00e1n Thisted<\/p>\n<p style=\"text-align: right;\">\u00a0\u00a0\u00a0\u00a0\u00a0\u00a0\u00a0\u00a0\u00a0\u00a0\u00a0\u00a0\u00a0\u00a0\u00a0\u00a0\u00a0\u00a0\u00a0\u00a0\u00a0\u00a0\u00a0 Director<\/p>\n<p style=\"text-align: right;\">\u00a0\u00a0\u00a0\u00a0\u00a0\u00a0\u00a0\u00a0\u00a0\u00a0\u00a0\u00a0\u00a0\u00a0\u00a0\u00a0\u00a0\u00a0\u00a0\u00a0\u00a0\u00a0\u00a0 Direcci\u00f3n de Tecnolog\u00eda Educativa<\/p>\n<p style=\"text-align: right;\">\u00a0\u00a0\u00a0\u00a0\u00a0\u00a0\u00a0\u00a0\u00a0\u00a0\u00a0\u00a0\u00a0\u00a0\u00a0\u00a0\u00a0\u00a0\u00a0\u00a0\u00a0\u00a0\u00a0 Subsecretar\u00eda de Educaci\u00f3n<\/p>\n<p style=\"text-align: right;\">\n<p>&nbsp;<\/p>\n<p>&nbsp;<\/p>\n","protected":false},"excerpt":{"rendered":"<p>Hola a todos, les transmitimos un mensaje de la Direcci\u00f3n de tecnolog\u00eda educativa sobre desbloqueo de netbooks La\u00a0 Plata, 6 de abril de 2020 Ref.: Comunicaci\u00f3n para desbloqueo de netbooks Conectar Igualdad A los y las Inspectores Jefes Regionales de Gesti\u00f3n Estatal A Equipos Directivos y Docentes de Nivel Secundario A Equipos Directivos y Docentes &#8230; <a title=\"IMPORTANTE DESBLOQUEO DE NETBOOKS\" class=\"read-more\" href=\"https:\/\/isfd106-bue.infd.edu.ar\/sitio\/importante-desbloqueo-de-netbooks\/\" aria-label=\"More on IMPORTANTE DESBLOQUEO DE NETBOOKS\">[+]<\/a><\/p>\n","protected":false},"author":386,"featured_media":0,"comment_status":"closed","ping_status":"open","sticky":false,"template":"","format":"standard","meta":[],"categories":[7],"tags":[],"acf":[],"_links":{"self":[{"href":"https:\/\/isfd106-bue.infd.edu.ar\/sitio\/wp-json\/wp\/v2\/posts\/1304"}],"collection":[{"href":"https:\/\/isfd106-bue.infd.edu.ar\/sitio\/wp-json\/wp\/v2\/posts"}],"about":[{"href":"https:\/\/isfd106-bue.infd.edu.ar\/sitio\/wp-json\/wp\/v2\/types\/post"}],"author":[{"embeddable":true,"href":"https:\/\/isfd106-bue.infd.edu.ar\/sitio\/wp-json\/wp\/v2\/users\/386"}],"replies":[{"embeddable":true,"href":"https:\/\/isfd106-bue.infd.edu.ar\/sitio\/wp-json\/wp\/v2\/comments?post=1304"}],"version-history":[{"count":1,"href":"https:\/\/isfd106-bue.infd.edu.ar\/sitio\/wp-json\/wp\/v2\/posts\/1304\/revisions"}],"predecessor-version":[{"id":1305,"href":"https:\/\/isfd106-bue.infd.edu.ar\/sitio\/wp-json\/wp\/v2\/posts\/1304\/revisions\/1305"}],"wp:attachment":[{"href":"https:\/\/isfd106-bue.infd.edu.ar\/sitio\/wp-json\/wp\/v2\/media?parent=1304"}],"wp:term":[{"taxonomy":"category","embeddable":true,"href":"https:\/\/isfd106-bue.infd.edu.ar\/sitio\/wp-json\/wp\/v2\/categories?post=1304"},{"taxonomy":"post_tag","embeddable":true,"href":"https:\/\/isfd106-bue.infd.edu.ar\/sitio\/wp-json\/wp\/v2\/tags?post=1304"}],"curies":[{"name":"wp","href":"https:\/\/api.w.org\/{rel}","templated":true}]}}