{"id":1296,"date":"2020-04-05T21:37:57","date_gmt":"2020-04-06T00:37:57","guid":{"rendered":"https:\/\/isfd106-bue.infd.edu.ar\/sitio\/?p=1296"},"modified":"2020-12-18T09:23:35","modified_gmt":"2020-12-18T12:23:35","slug":"como-vamos-a-trabajar-con-estudiantes-de-1-ano-ingresantes-2020","status":"publish","type":"post","link":"https:\/\/isfd106-bue.infd.edu.ar\/sitio\/como-vamos-a-trabajar-con-estudiantes-de-1-ano-ingresantes-2020\/","title":{"rendered":"\u00bfC\u00f3mo vamos a trabajar con estudiantes de 1\u00b0 a\u00f1o \/ Ingresantes 2020?"},"content":{"rendered":"<p>Estimados ingresantes, esperamos \u00a0que se encuentren bien. Les escribimos \u00a0para contarles como seguimos en estas semanas del mes de abril.<\/p>\n<ol>\n<li>Hasta el d\u00eda\u00a0<strong>11 de abril estar\u00e1n activos en el aula de ingreso<\/strong>. En ella participaron de los foros y la lectura del cuadernillo.<\/li>\n<li>A partir del d\u00eda\u00a0<strong>6 de abril dispondr\u00e1n de un m\u00f3dulo de ortograf\u00eda<\/strong>\u00a0separado en clases y un foro de consultas sobre el mismo. Les sugerimos que\u00a0<strong>descarguen el material<\/strong>\u00a0y lo tengan presente al momento de intervenir en distintas actividades dentro del aula virtual y cuando comiencen las clases presenciales.\u00a0<strong>Participen del foro dejando sus dudas porque es importante mejorar la escritura y la redacci\u00f3n en el Nivel Superior.<\/strong><\/li>\n<li>Desde el d\u00eda\u00a0<strong>13 de abril estar\u00e1n habilitados en el aula de 1\u00b0 a\u00f1o seg\u00fan su comisi\u00f3n y carrera<\/strong>.\u00a0All\u00ed encontrar\u00e1n materiales y actividades de todas las materias que cursan en 1\u00b0 a\u00f1o. En ella participar\u00e1n todos los docentes que tienen en la carrera. Les iremos contando como vamos a trabajar una vez que est\u00e9n dentro del aula. Recuerden que tiene el Plan de estudios en el Sitio WEB, en la secci\u00f3n de su carrera.<\/li>\n<li>Con respecto a la\u00a0<strong>entrega de documentaci\u00f3n iremos resolviendo y re-organizando fechas seg\u00fan la realidad de la provincia<\/strong>. Sabemos que han cancelado turnos m\u00e9dicos y no tienen fecha de reprogramaci\u00f3n, as\u00ed que contemplaremos esta situaci\u00f3n. Por favor no manden mail solicitando informaci\u00f3n sobre esto porque no tenemos fecha, estamos en permanente comunicaci\u00f3n con la Direcci\u00f3n Provincial de Superior y al d\u00eda de hoy \u00a0la\u00a0<strong>prioridad sigue siendo la emergencia sanitaria.<\/strong><\/li>\n<li>M\u00e1s all\u00e1 de que hayan participado de los foros o no deber\u00e1n tener el\u00a0<strong>cuadernillo con las actividades resueltas al volver a clases presenciales.<\/strong><\/li>\n<\/ol>\n<p><strong>TODA LA INFORMACI\u00d3N SE PUBLICA EN ESTA SECCI\u00d3N DE NOTICIAS<\/strong>. Pasen por aqu\u00ed seguido para enterarse de las novedades. Y\u00a0eviten\u00a0preguntar en las redes sociales lo que ya est\u00e1 escrito. Adem\u00e1s les informamos que no respondemos mensajes privados por ninguna red social, as\u00ed\u00a0 que no manden porque no van a tener respuesta. Hay un mail oficial de consultas para alumnos que es\u00a0<strong><a href=\"mailto:106instituto@gmail.com\" target=\"_blank\" rel=\"noopener\">106instituto@gmail.com<\/a><\/strong><\/p>\n<p>Si a\u00fan no han\u00a0<strong>editado su perfil es momento de subir la foto<\/strong>, recuerden que debe ser de ustedes y en un encuadre acad\u00e9mico.<\/p>\n<p><strong><em>Recuerden que lo importante ahora es quedarse en casa, cuidarse y cuidar a los otros<\/em><\/strong>.<\/p>\n<p>Les deseamos una excelente semana y felicitarlos por el gran trabajo que han realizado en las aulas, adem\u00e1s de agradecer y destacar la labor de los docentes- tutores que han sabido transformar un curso presencial en un formato a distancia en solo tres\u00a0 d\u00edas\u2026 Gracias!!!<\/p>\n<p>\u00a1Buena semana!<\/p>\n<p>Prof. Cintia Perez \u2013 Directora ISFD N\u00b0 106<\/p>\n<p>Prof. Lorena Gil- Vicedirectora ISFD N\u00b0 106<\/p>\n","protected":false},"excerpt":{"rendered":"<p>Estimados ingresantes, esperamos \u00a0que se encuentren bien. Les escribimos \u00a0para contarles como seguimos en estas semanas del mes de abril. Hasta el d\u00eda\u00a011 de abril estar\u00e1n activos en el aula de ingreso. En ella participaron de los foros y la lectura del cuadernillo. A partir del d\u00eda\u00a06 de abril dispondr\u00e1n de un m\u00f3dulo de ortograf\u00eda\u00a0separado &#8230; <a title=\"\u00bfC\u00f3mo vamos a trabajar con estudiantes de 1\u00b0 a\u00f1o \/ Ingresantes 2020?\" class=\"read-more\" href=\"https:\/\/isfd106-bue.infd.edu.ar\/sitio\/como-vamos-a-trabajar-con-estudiantes-de-1-ano-ingresantes-2020\/\" aria-label=\"More on \u00bfC\u00f3mo vamos a trabajar con estudiantes de 1\u00b0 a\u00f1o \/ Ingresantes 2020?\">[+]<\/a><\/p>\n","protected":false},"author":386,"featured_media":0,"comment_status":"closed","ping_status":"open","sticky":false,"template":"","format":"standard","meta":[],"categories":[7],"tags":[],"acf":[],"_links":{"self":[{"href":"https:\/\/isfd106-bue.infd.edu.ar\/sitio\/wp-json\/wp\/v2\/posts\/1296"}],"collection":[{"href":"https:\/\/isfd106-bue.infd.edu.ar\/sitio\/wp-json\/wp\/v2\/posts"}],"about":[{"href":"https:\/\/isfd106-bue.infd.edu.ar\/sitio\/wp-json\/wp\/v2\/types\/post"}],"author":[{"embeddable":true,"href":"https:\/\/isfd106-bue.infd.edu.ar\/sitio\/wp-json\/wp\/v2\/users\/386"}],"replies":[{"embeddable":true,"href":"https:\/\/isfd106-bue.infd.edu.ar\/sitio\/wp-json\/wp\/v2\/comments?post=1296"}],"version-history":[{"count":1,"href":"https:\/\/isfd106-bue.infd.edu.ar\/sitio\/wp-json\/wp\/v2\/posts\/1296\/revisions"}],"predecessor-version":[{"id":1297,"href":"https:\/\/isfd106-bue.infd.edu.ar\/sitio\/wp-json\/wp\/v2\/posts\/1296\/revisions\/1297"}],"wp:attachment":[{"href":"https:\/\/isfd106-bue.infd.edu.ar\/sitio\/wp-json\/wp\/v2\/media?parent=1296"}],"wp:term":[{"taxonomy":"category","embeddable":true,"href":"https:\/\/isfd106-bue.infd.edu.ar\/sitio\/wp-json\/wp\/v2\/categories?post=1296"},{"taxonomy":"post_tag","embeddable":true,"href":"https:\/\/isfd106-bue.infd.edu.ar\/sitio\/wp-json\/wp\/v2\/tags?post=1296"}],"curies":[{"name":"wp","href":"https:\/\/api.w.org\/{rel}","templated":true}]}}