{"id":1294,"date":"2020-04-05T21:35:06","date_gmt":"2020-04-06T00:35:06","guid":{"rendered":"https:\/\/isfd106-bue.infd.edu.ar\/sitio\/?p=1294"},"modified":"2020-12-18T09:23:40","modified_gmt":"2020-12-18T12:23:40","slug":"como-vamos-a-trabajar-estas-semanas-de-2-a-4-ano","status":"publish","type":"post","link":"https:\/\/isfd106-bue.infd.edu.ar\/sitio\/como-vamos-a-trabajar-estas-semanas-de-2-a-4-ano\/","title":{"rendered":"\u00bfC\u00f3mo vamos a trabajar estas semanas de 2\u00b0 a 4\u00b0 a\u00f1o?"},"content":{"rendered":"<p><span style=\"font-size: 1.25rem;\">Hola a todos, s<\/span><span style=\"font-size: 1.25rem;\">abemos que muchos est\u00e1n inquietos y preocupados\u00a0 para saber c\u00f3mo seguimos la tarea. En este momento estamos en proceso de planificaci\u00f3n del dispositivo que utilizaremos. Estamos trabajando con todo el equipo docente desde el 11 de marzo buscando las mejores maneras de llegar a todos y transitar este per\u00edodo de la mejor manera posible.\u00a0<\/span><\/p>\n<p><span style=\"font-size: 1.25rem;\">Si les podemos anticipar que:<\/span><\/p>\n<ol>\n<li><span style=\"font-size: 1.25rem;\"><span style=\"background-color: #ffff00;\"><strong>Las clases virtuales comenzar\u00e1n el 13 de abril.<\/strong><\/span> Cada uno de ustedes\u00a0 <span style=\"background-color: #ffff00;\"><strong>a partir de esa fecha<\/strong> <\/span>estar\u00e1 habilitado en 3 aulas que ser\u00e1n:<strong> Campo de la Fundamentaci\u00f3n, Campo de los saberes a ense\u00f1ar y campo de la Pr\u00e1ctica.<\/strong> Al ingresar en ellas se encontrar\u00e1n con m\u00faltiples archivos y actividades, pero \u00a1no desesperen!\u00a0 primero les sugerimos que exploren las aulas porque encontrar\u00e1n materiales\u00a0 y actividades para cada a\u00f1o de la carrera (2\u00b0, 3\u00b0 y 4\u00b0 a\u00f1o). Ustedes deber\u00e1n ingresar al a\u00f1o que le corresponde la cursada 2020.<\/span><\/li>\n<\/ol>\n<p><span style=\"font-size: 1.25rem;\"><em>Por ejemplo: si cursan materias de 3\u00b0 y 4\u00b0 a\u00f1o deber\u00e1n trabajar con los materiales y las actividades de esos a\u00f1os. Y no participar de las actividades de 2\u00b0 a\u00f1o. \u00a0IMPORTANTE: al ingresar al aula encontrar\u00e1n las materias que corresponden a cada campo, as\u00ed que podr\u00e1n saber donde trabajar.<\/em><\/span><\/p>\n<p><span style=\"font-size: 1.25rem;\">2. <span style=\"background-color: #00ff00;\"><strong>Los recursantes de 1\u00b0 a\u00f1o\u00a0 o aquellos estudiantes que deban cursar 1\u00b0 a\u00f1o<\/strong><\/span> ser\u00e1n habilitados adem\u00e1s en las<span style=\"background-color: #00ff00;\"><strong> aulas correspondientes a 1\u00b0 a\u00f1o.<\/strong><\/span><\/span><\/p>\n<p><span style=\"font-size: 1.25rem;\">3. <strong><span style=\"background-color: #ffff00;\">Ser\u00e1n habilitados en las aulas correspondientes el d\u00eda 13 de abril, en esas aulas trabajar\u00e1n<\/span><\/strong>. En esta (desde la cual les escribimos) no deben hacer nada, es solo la base de datos de la carrera para que reciban informaci\u00f3n.}<\/span><\/p>\n<p><span style=\"font-size: 1.25rem;\">4. <em>A partir del mes de mayo y de seguir con la cuarentena ser\u00e1n habilitados en las aulas que corresponden a las materias, a\u00fan no podemos hacerlo porque estamos en proceso de inscripci\u00f3n a materias.<\/em> <span style=\"background-color: #ff00ff;\"><strong>Confirmaremos esto a medida que avancen las novedades a nivel nacional y provincial.<\/strong><\/span><\/span><\/p>\n<p><span style=\"font-size: 1.25rem;\">5. Con respecto a los finales que faltan tomar\u00a0 de los d\u00edas 6, 7 y 8 de abril <strong>informaremos al regreso la re- programaci\u00f3n de fechas.<\/strong><\/span><\/p>\n<p><span style=\"font-size: 1.25rem;\">6. <span style=\"background-color: #ffff00;\"><strong>NO emitimos ning\u00fan tipo de constancias<\/strong><\/span> hasta no volver a la instituci\u00f3n porque el instituto <span style=\"text-decoration: underline;\">est\u00e1 cerrado<\/span>. Hasta que no tengamos la indicaci\u00f3n de la DGCYE que podemos volver a las instituciones estamos trabajando desde nuestras casas.\u00a0<\/span><\/p>\n<p><span style=\"font-size: 1.25rem;\"><strong>TODA LA INFORMACI\u00d3N SE PUBLICA EN ESTA\u00a0 SECCI\u00d3N\u00a0 DE NOTICIAS<\/strong>. Pasen por aqu\u00ed seguido para enterarse de las novedades. Y <span style=\"text-decoration: underline;\">eviten<\/span> preguntar en las redes sociales lo que ya est\u00e1 escrito. Adem\u00e1s les informamos que <strong>no respondemos mensajes privados<\/strong> por ninguna red social, as\u00ed no manden porque no van a tener respuesta. Hay un mail oficial de consultas para alumnos que es <strong>106instituto@gmail.com<\/strong><\/span><\/p>\n<p><span style=\"color: #ff00ff; font-size: 1.25rem;\"><strong><em>Recuerden que lo importante ahora es quedarse en casa, cuidarse y cuidar a los otros<\/em><\/strong>.<\/span><\/p>\n<p><span style=\"font-size: 1.25rem;\">\u00a1Buena semana!<\/span><\/p>\n<p><span style=\"font-size: 1.25rem;\">Prof. Cintia Perez \u2013 Directora ISFD N\u00b0 106<\/span><\/p>\n<p><span style=\"font-size: 1.25rem;\">Prof. Lorena Gil- Vicedirectora ISFD N\u00b0 106<\/span><\/p>\n","protected":false},"excerpt":{"rendered":"<p>Hola a todos, sabemos que muchos est\u00e1n inquietos y preocupados\u00a0 para saber c\u00f3mo seguimos la tarea. En este momento estamos en proceso de planificaci\u00f3n del dispositivo que utilizaremos. Estamos trabajando con todo el equipo docente desde el 11 de marzo buscando las mejores maneras de llegar a todos y transitar este per\u00edodo de la mejor &#8230; <a title=\"\u00bfC\u00f3mo vamos a trabajar estas semanas de 2\u00b0 a 4\u00b0 a\u00f1o?\" class=\"read-more\" href=\"https:\/\/isfd106-bue.infd.edu.ar\/sitio\/como-vamos-a-trabajar-estas-semanas-de-2-a-4-ano\/\" aria-label=\"More on \u00bfC\u00f3mo vamos a trabajar estas semanas de 2\u00b0 a 4\u00b0 a\u00f1o?\">[+]<\/a><\/p>\n","protected":false},"author":386,"featured_media":0,"comment_status":"closed","ping_status":"open","sticky":false,"template":"","format":"standard","meta":[],"categories":[7],"tags":[],"acf":[],"_links":{"self":[{"href":"https:\/\/isfd106-bue.infd.edu.ar\/sitio\/wp-json\/wp\/v2\/posts\/1294"}],"collection":[{"href":"https:\/\/isfd106-bue.infd.edu.ar\/sitio\/wp-json\/wp\/v2\/posts"}],"about":[{"href":"https:\/\/isfd106-bue.infd.edu.ar\/sitio\/wp-json\/wp\/v2\/types\/post"}],"author":[{"embeddable":true,"href":"https:\/\/isfd106-bue.infd.edu.ar\/sitio\/wp-json\/wp\/v2\/users\/386"}],"replies":[{"embeddable":true,"href":"https:\/\/isfd106-bue.infd.edu.ar\/sitio\/wp-json\/wp\/v2\/comments?post=1294"}],"version-history":[{"count":1,"href":"https:\/\/isfd106-bue.infd.edu.ar\/sitio\/wp-json\/wp\/v2\/posts\/1294\/revisions"}],"predecessor-version":[{"id":1295,"href":"https:\/\/isfd106-bue.infd.edu.ar\/sitio\/wp-json\/wp\/v2\/posts\/1294\/revisions\/1295"}],"wp:attachment":[{"href":"https:\/\/isfd106-bue.infd.edu.ar\/sitio\/wp-json\/wp\/v2\/media?parent=1294"}],"wp:term":[{"taxonomy":"category","embeddable":true,"href":"https:\/\/isfd106-bue.infd.edu.ar\/sitio\/wp-json\/wp\/v2\/categories?post=1294"},{"taxonomy":"post_tag","embeddable":true,"href":"https:\/\/isfd106-bue.infd.edu.ar\/sitio\/wp-json\/wp\/v2\/tags?post=1294"}],"curies":[{"name":"wp","href":"https:\/\/api.w.org\/{rel}","templated":true}]}}