{"id":1291,"date":"2020-04-03T12:16:09","date_gmt":"2020-04-03T15:16:09","guid":{"rendered":"https:\/\/isfd106-bue.infd.edu.ar\/sitio\/?p=1291"},"modified":"2020-12-18T09:22:28","modified_gmt":"2020-12-18T12:22:28","slug":"becas-progresar-2","status":"publish","type":"post","link":"https:\/\/isfd106-bue.infd.edu.ar\/sitio\/becas-progresar-2\/","title":{"rendered":"Becas Progresar"},"content":{"rendered":"<div class=\"_2cuy _3dgx _2vxa\">BECAS PROGRESAR:<\/div>\n<div>En esta oportunidad les queremos informar que en el d\u00eda\u00a0de ayer a la tarde sali\u00f3 la resoluci\u00f3n RESOL-2020-144.APN-ME (<a href=\"https:\/\/www.boletinoficial.gob.ar\/detalleAviso\/primera\/227372\/20200402?fbclid=IwAR0hFHFQQRFD8yLHxjMwMBohnL58rR50QLbN5_Ptj_mUWFC6N5WUrzN01jw\" target=\"_blank\" rel=\"noopener nofollow\" data-lynx-mode=\"asynclazy\" data-lynx-uri=\"https:\/\/l.facebook.com\/l.php?u=https%3A%2F%2Fwww.boletinoficial.gob.ar%2FdetalleAviso%2Fprimera%2F227372%2F20200402%3Ffbclid%3DIwAR0hFHFQQRFD8yLHxjMwMBohnL58rR50QLbN5_Ptj_mUWFC6N5WUrzN01jw&amp;h=AT37eR8w0oUwkz9uqzRJ0upZzrVXpYBqsJZKQ8msR7Yn3ExgBFokakFZnSY_gyiFP_7frC31eZIOosy02OsIMLkwpzrrqHU-zpGcDHkmXcOXh31oggJnFST0x_ge-cn2KKXKZXEAzvHqagG-ig\">https:\/\/www.boletinoficial.gob.ar\/detalleAviso\/primera\/227372\/20200402<\/a>), la cual establece dos cuestiones importantes para resaltar:<\/div>\n<div class=\"_2cuy _3dgx _2vxa\">ART\u00cdCULO 1\u00ba.- <span class=\"_4yxo\">Prorrogar el plazo para la inscripci\u00f3n al <\/span>\u201cPROGRAMA DE RESPALDO A ESTUDIANTES ARGENTINOS (<span class=\"text_exposed_show\">PROGRESAR)\u201d en su l\u00ednea <span class=\"_4yxo\">\u201cFomento de la Educaci\u00f3n Superior\u201d <\/span>fijado originalmente al 31 de marzo del corriente a\u00f1o mediante la Resoluci\u00f3n Ministerial N\u00ba 70 de fecha 28 de febrero de 2020, <span class=\"_4yxo _4yxr\">hasta el d\u00eda 17 de abril de 2020.<\/span><\/span><\/div>\n<div class=\"text_exposed_show\">\n<div class=\"_2cuy _3dgx _2vxa\">ART\u00cdCULO 2\u00ba.- <span class=\"_4yxo\">Autorizar, en forma excepcional y por \u00fanica vez<\/span>, la adjudicaci\u00f3n de becas \u201cPROGRESAR\u201d en favor de aquellos\/as estudiantes que obtuvieron el beneficio durante el a\u00f1o 2019 <span class=\"_4yxo\">y se encuentren inscriptos al 12\/03\/20 en las l\u00ednea \u201cFomento de la Educaci\u00f3n Superior\u201d del programa <\/span>-fecha de entrada en vigor del DNU N\u00ba 260\/2020- <span class=\"_4yxo\">siempre que cumplimenten el requisito socioecon\u00f3mico<\/span>, ello en virtud de la emergencia p\u00fablica decretada en materia sanitaria a ra\u00edz de la pandemia ocasionada por el coronavirus COVID-19. <span class=\"_4yxr\">El beneficio se otorgar\u00e1 en forma condicional, sujeto a la posterior acreditaci\u00f3n del cumplimiento de las condiciones acad\u00e9micas exigidas, una vez superada la situaci\u00f3n de emergencia.<\/span><\/div>\n<div class=\"_2cuy _3dgx _2vxa\">La nueva fecha tope para la inscripci\u00f3n al programa, ya est\u00e1 visible en la plataforma de progresar.<\/div>\n<\/div>\n<div><\/div>\n<div><span style=\"color: #3366ff;\">#yomequedoencasa<\/span><\/div>\n","protected":false},"excerpt":{"rendered":"<p>BECAS PROGRESAR: En esta oportunidad les queremos informar que en el d\u00eda\u00a0de ayer a la tarde sali\u00f3 la resoluci\u00f3n RESOL-2020-144.APN-ME (https:\/\/www.boletinoficial.gob.ar\/detalleAviso\/primera\/227372\/20200402), la cual establece dos cuestiones importantes para resaltar: ART\u00cdCULO 1\u00ba.- Prorrogar el plazo para la inscripci\u00f3n al \u201cPROGRAMA DE RESPALDO A ESTUDIANTES ARGENTINOS (PROGRESAR)\u201d en su l\u00ednea \u201cFomento de la Educaci\u00f3n Superior\u201d fijado originalmente &#8230; <a title=\"Becas Progresar\" class=\"read-more\" href=\"https:\/\/isfd106-bue.infd.edu.ar\/sitio\/becas-progresar-2\/\" aria-label=\"More on Becas Progresar\">[+]<\/a><\/p>\n","protected":false},"author":386,"featured_media":0,"comment_status":"closed","ping_status":"open","sticky":false,"template":"","format":"standard","meta":[],"categories":[7],"tags":[],"acf":[],"_links":{"self":[{"href":"https:\/\/isfd106-bue.infd.edu.ar\/sitio\/wp-json\/wp\/v2\/posts\/1291"}],"collection":[{"href":"https:\/\/isfd106-bue.infd.edu.ar\/sitio\/wp-json\/wp\/v2\/posts"}],"about":[{"href":"https:\/\/isfd106-bue.infd.edu.ar\/sitio\/wp-json\/wp\/v2\/types\/post"}],"author":[{"embeddable":true,"href":"https:\/\/isfd106-bue.infd.edu.ar\/sitio\/wp-json\/wp\/v2\/users\/386"}],"replies":[{"embeddable":true,"href":"https:\/\/isfd106-bue.infd.edu.ar\/sitio\/wp-json\/wp\/v2\/comments?post=1291"}],"version-history":[{"count":2,"href":"https:\/\/isfd106-bue.infd.edu.ar\/sitio\/wp-json\/wp\/v2\/posts\/1291\/revisions"}],"predecessor-version":[{"id":1293,"href":"https:\/\/isfd106-bue.infd.edu.ar\/sitio\/wp-json\/wp\/v2\/posts\/1291\/revisions\/1293"}],"wp:attachment":[{"href":"https:\/\/isfd106-bue.infd.edu.ar\/sitio\/wp-json\/wp\/v2\/media?parent=1291"}],"wp:term":[{"taxonomy":"category","embeddable":true,"href":"https:\/\/isfd106-bue.infd.edu.ar\/sitio\/wp-json\/wp\/v2\/categories?post=1291"},{"taxonomy":"post_tag","embeddable":true,"href":"https:\/\/isfd106-bue.infd.edu.ar\/sitio\/wp-json\/wp\/v2\/tags?post=1291"}],"curies":[{"name":"wp","href":"https:\/\/api.w.org\/{rel}","templated":true}]}}