{"id":1288,"date":"2020-04-01T21:10:54","date_gmt":"2020-04-02T00:10:54","guid":{"rendered":"https:\/\/isfd106-bue.infd.edu.ar\/sitio\/?p=1288"},"modified":"2020-12-18T09:23:46","modified_gmt":"2020-12-18T12:23:46","slug":"extension-de-plazos-para-inscripcion-a-materias-2020","status":"publish","type":"post","link":"https:\/\/isfd106-bue.infd.edu.ar\/sitio\/extension-de-plazos-para-inscripcion-a-materias-2020\/","title":{"rendered":"Extensi\u00f3n de plazos para inscripci\u00f3n a materias 2020"},"content":{"rendered":"<p>Estimados estudiantes, para garantizar que todos puedan inscribirse a materias en el presente ciclo lectivo extenderemos la inscripci\u00f3n hasta el 6 de abril inclusive.<\/p>\n<p>Recuerde que si adeuda un final que no pudo ser evaluado por la declaraci\u00f3n de la cuarentena ( los que corresponden a las fechas de 6,7 y 8 de abril de este a\u00f1o) y necesita anotarse en la correlativa debe inscribirse y luego verificamos su situaci\u00f3n particular.<\/p>\n<p>Gracias.<\/p>\n<p>Equipo Directivo.<\/p>\n","protected":false},"excerpt":{"rendered":"<p>Estimados estudiantes, para garantizar que todos puedan inscribirse a materias en el presente ciclo lectivo extenderemos la inscripci\u00f3n hasta el 6 de abril inclusive. Recuerde que si adeuda un final que no pudo ser evaluado por la declaraci\u00f3n de la cuarentena ( los que corresponden a las fechas de 6,7 y 8 de abril de &#8230; <a title=\"Extensi\u00f3n de plazos para inscripci\u00f3n a materias 2020\" class=\"read-more\" href=\"https:\/\/isfd106-bue.infd.edu.ar\/sitio\/extension-de-plazos-para-inscripcion-a-materias-2020\/\" aria-label=\"More on Extensi\u00f3n de plazos para inscripci\u00f3n a materias 2020\">[+]<\/a><\/p>\n","protected":false},"author":386,"featured_media":0,"comment_status":"closed","ping_status":"open","sticky":false,"template":"","format":"standard","meta":[],"categories":[7],"tags":[],"acf":[],"_links":{"self":[{"href":"https:\/\/isfd106-bue.infd.edu.ar\/sitio\/wp-json\/wp\/v2\/posts\/1288"}],"collection":[{"href":"https:\/\/isfd106-bue.infd.edu.ar\/sitio\/wp-json\/wp\/v2\/posts"}],"about":[{"href":"https:\/\/isfd106-bue.infd.edu.ar\/sitio\/wp-json\/wp\/v2\/types\/post"}],"author":[{"embeddable":true,"href":"https:\/\/isfd106-bue.infd.edu.ar\/sitio\/wp-json\/wp\/v2\/users\/386"}],"replies":[{"embeddable":true,"href":"https:\/\/isfd106-bue.infd.edu.ar\/sitio\/wp-json\/wp\/v2\/comments?post=1288"}],"version-history":[{"count":1,"href":"https:\/\/isfd106-bue.infd.edu.ar\/sitio\/wp-json\/wp\/v2\/posts\/1288\/revisions"}],"predecessor-version":[{"id":1289,"href":"https:\/\/isfd106-bue.infd.edu.ar\/sitio\/wp-json\/wp\/v2\/posts\/1288\/revisions\/1289"}],"wp:attachment":[{"href":"https:\/\/isfd106-bue.infd.edu.ar\/sitio\/wp-json\/wp\/v2\/media?parent=1288"}],"wp:term":[{"taxonomy":"category","embeddable":true,"href":"https:\/\/isfd106-bue.infd.edu.ar\/sitio\/wp-json\/wp\/v2\/categories?post=1288"},{"taxonomy":"post_tag","embeddable":true,"href":"https:\/\/isfd106-bue.infd.edu.ar\/sitio\/wp-json\/wp\/v2\/tags?post=1288"}],"curies":[{"name":"wp","href":"https:\/\/api.w.org\/{rel}","templated":true}]}}