{"id":1259,"date":"2020-03-25T21:39:03","date_gmt":"2020-03-26T00:39:03","guid":{"rendered":"https:\/\/isfd106-bue.infd.edu.ar\/sitio\/?p=1259"},"modified":"2020-12-18T09:22:54","modified_gmt":"2020-12-18T12:22:54","slug":"alumnos-del-profesorado-de-matematica-que-no-pudieron-realizar-el-cambio-de-plan","status":"publish","type":"post","link":"https:\/\/isfd106-bue.infd.edu.ar\/sitio\/alumnos-del-profesorado-de-matematica-que-no-pudieron-realizar-el-cambio-de-plan\/","title":{"rendered":"ALUMNOS del Profesorado de Matem\u00e1tica que no pudieron realizar el cambio de Plan."},"content":{"rendered":"<p>&nbsp;<\/p>\n<p>Debido a las medidas sanitarias, no todos los alumnos pudieron realizar el cambio de plan. Por tal motivo y como es un tr\u00e1mite que debe realizarse personalmente cuando se reanuden las actividades podr\u00e1n realizarlo. Reci\u00e9n ah\u00ed podr\u00e1n anotarse en las materias a cursar y lo har\u00e1n con el preceptor en forma virtual y\/o presencial.<\/p>\n<p>Muchas Gracias.<\/p>\n<p>Equipo Directivo<\/p>\n","protected":false},"excerpt":{"rendered":"<p>&nbsp; Debido a las medidas sanitarias, no todos los alumnos pudieron realizar el cambio de plan. Por tal motivo y como es un tr\u00e1mite que debe realizarse personalmente cuando se reanuden las actividades podr\u00e1n realizarlo. Reci\u00e9n ah\u00ed podr\u00e1n anotarse en las materias a cursar y lo har\u00e1n con el preceptor en forma virtual y\/o presencial. &#8230; <a title=\"ALUMNOS del Profesorado de Matem\u00e1tica que no pudieron realizar el cambio de Plan.\" class=\"read-more\" href=\"https:\/\/isfd106-bue.infd.edu.ar\/sitio\/alumnos-del-profesorado-de-matematica-que-no-pudieron-realizar-el-cambio-de-plan\/\" aria-label=\"More on ALUMNOS del Profesorado de Matem\u00e1tica que no pudieron realizar el cambio de Plan.\">[+]<\/a><\/p>\n","protected":false},"author":386,"featured_media":0,"comment_status":"open","ping_status":"open","sticky":false,"template":"","format":"standard","meta":[],"categories":[7],"tags":[],"acf":[],"_links":{"self":[{"href":"https:\/\/isfd106-bue.infd.edu.ar\/sitio\/wp-json\/wp\/v2\/posts\/1259"}],"collection":[{"href":"https:\/\/isfd106-bue.infd.edu.ar\/sitio\/wp-json\/wp\/v2\/posts"}],"about":[{"href":"https:\/\/isfd106-bue.infd.edu.ar\/sitio\/wp-json\/wp\/v2\/types\/post"}],"author":[{"embeddable":true,"href":"https:\/\/isfd106-bue.infd.edu.ar\/sitio\/wp-json\/wp\/v2\/users\/386"}],"replies":[{"embeddable":true,"href":"https:\/\/isfd106-bue.infd.edu.ar\/sitio\/wp-json\/wp\/v2\/comments?post=1259"}],"version-history":[{"count":1,"href":"https:\/\/isfd106-bue.infd.edu.ar\/sitio\/wp-json\/wp\/v2\/posts\/1259\/revisions"}],"predecessor-version":[{"id":1260,"href":"https:\/\/isfd106-bue.infd.edu.ar\/sitio\/wp-json\/wp\/v2\/posts\/1259\/revisions\/1260"}],"wp:attachment":[{"href":"https:\/\/isfd106-bue.infd.edu.ar\/sitio\/wp-json\/wp\/v2\/media?parent=1259"}],"wp:term":[{"taxonomy":"category","embeddable":true,"href":"https:\/\/isfd106-bue.infd.edu.ar\/sitio\/wp-json\/wp\/v2\/categories?post=1259"},{"taxonomy":"post_tag","embeddable":true,"href":"https:\/\/isfd106-bue.infd.edu.ar\/sitio\/wp-json\/wp\/v2\/tags?post=1259"}],"curies":[{"name":"wp","href":"https:\/\/api.w.org\/{rel}","templated":true}]}}