{"id":1229,"date":"2020-03-18T11:40:59","date_gmt":"2020-03-18T14:40:59","guid":{"rendered":"https:\/\/isfd106-bue.infd.edu.ar\/sitio\/?p=1229"},"modified":"2020-12-18T09:23:53","modified_gmt":"2020-12-18T12:23:53","slug":"prioridad-politicas-sanitarias","status":"publish","type":"post","link":"https:\/\/isfd106-bue.infd.edu.ar\/sitio\/prioridad-politicas-sanitarias\/","title":{"rendered":"Prioridad Pol\u00edticas Sanitarias"},"content":{"rendered":"<p>Debido a las POL\u00cdTICAS SANITARIAS de p\u00fablico conocimiento, solicitamos NO asistir al establecimiento.<\/p>\n<p>NADA es m\u00e1s importante que la SALUD y el CUIDADO, en especial en estos momentos.<\/p>\n<p>Los educativo queda bajo la prioridad que son las POL\u00cdTICAS de SALUD.<\/p>\n<p>Cuando las autoridades nacionales y provinciales dispongan el inicio de actividades escolares, se ir\u00e1 re adecuando las actividades y resolviendo las dudas pendientes.<\/p>\n<p>La situaci\u00f3n de pandemia, ha impactado de mol tal, que las prioridades deben cambiar.<\/p>\n<p>Aconsejamos: NO SALIR DEL DOMICILIO por tr\u00e1mites institucionales, que ser\u00e1n reprogramados.<\/p>\n","protected":false},"excerpt":{"rendered":"<p>Debido a las POL\u00cdTICAS SANITARIAS de p\u00fablico conocimiento, solicitamos NO asistir al establecimiento. NADA es m\u00e1s importante que la SALUD y el CUIDADO, en especial en estos momentos. Los educativo queda bajo la prioridad que son las POL\u00cdTICAS de SALUD. Cuando las autoridades nacionales y provinciales dispongan el inicio de actividades escolares, se ir\u00e1 re &#8230; <a title=\"Prioridad Pol\u00edticas Sanitarias\" class=\"read-more\" href=\"https:\/\/isfd106-bue.infd.edu.ar\/sitio\/prioridad-politicas-sanitarias\/\" aria-label=\"More on Prioridad Pol\u00edticas Sanitarias\">[+]<\/a><\/p>\n","protected":false},"author":386,"featured_media":0,"comment_status":"open","ping_status":"open","sticky":false,"template":"","format":"standard","meta":[],"categories":[7],"tags":[],"acf":[],"_links":{"self":[{"href":"https:\/\/isfd106-bue.infd.edu.ar\/sitio\/wp-json\/wp\/v2\/posts\/1229"}],"collection":[{"href":"https:\/\/isfd106-bue.infd.edu.ar\/sitio\/wp-json\/wp\/v2\/posts"}],"about":[{"href":"https:\/\/isfd106-bue.infd.edu.ar\/sitio\/wp-json\/wp\/v2\/types\/post"}],"author":[{"embeddable":true,"href":"https:\/\/isfd106-bue.infd.edu.ar\/sitio\/wp-json\/wp\/v2\/users\/386"}],"replies":[{"embeddable":true,"href":"https:\/\/isfd106-bue.infd.edu.ar\/sitio\/wp-json\/wp\/v2\/comments?post=1229"}],"version-history":[{"count":1,"href":"https:\/\/isfd106-bue.infd.edu.ar\/sitio\/wp-json\/wp\/v2\/posts\/1229\/revisions"}],"predecessor-version":[{"id":1230,"href":"https:\/\/isfd106-bue.infd.edu.ar\/sitio\/wp-json\/wp\/v2\/posts\/1229\/revisions\/1230"}],"wp:attachment":[{"href":"https:\/\/isfd106-bue.infd.edu.ar\/sitio\/wp-json\/wp\/v2\/media?parent=1229"}],"wp:term":[{"taxonomy":"category","embeddable":true,"href":"https:\/\/isfd106-bue.infd.edu.ar\/sitio\/wp-json\/wp\/v2\/categories?post=1229"},{"taxonomy":"post_tag","embeddable":true,"href":"https:\/\/isfd106-bue.infd.edu.ar\/sitio\/wp-json\/wp\/v2\/tags?post=1229"}],"curies":[{"name":"wp","href":"https:\/\/api.w.org\/{rel}","templated":true}]}}