{"id":1221,"date":"2020-03-17T12:15:44","date_gmt":"2020-03-17T15:15:44","guid":{"rendered":"https:\/\/isfd106-bue.infd.edu.ar\/sitio\/?p=1221"},"modified":"2020-12-18T09:24:09","modified_gmt":"2020-12-18T12:24:09","slug":"situacion-al-dia-de-hoy","status":"publish","type":"post","link":"https:\/\/isfd106-bue.infd.edu.ar\/sitio\/situacion-al-dia-de-hoy\/","title":{"rendered":"Situaci\u00f3n al d\u00eda de hoy"},"content":{"rendered":"<p style=\"text-align: justify;\">Estimados estudiantes, en vista de la situaci\u00f3n al d\u00eda de hoy con respecto a las medidas de prevenci\u00f3n y debido a que nuestra instituci\u00f3n no puede garantizar las condiciones de higiene porque el personal auxiliar se encuentra en uso de licencia\u00a0 (personas de alto riesgo)\u00a0 vamos a suspender todas las actividades que implique la circulaci\u00f3n de personas en el establecimiento.<\/p>\n<p style=\"text-align: justify;\">Por lo tanto el tr\u00e1mite de equivalencia de la carrera de matem\u00e1tica y las equivalencias de otras carreras se suspenden hasta nuevo aviso.<\/p>\n<p style=\"text-align: justify;\">El equipo directivo mantendr\u00e1 una guardia m\u00ednima activa de lunes a viernes en el horario de 9.00 a 12. 00 hs<\/p>\n<p style=\"text-align: justify;\">Muchas Gracias y sepan comprender que las indicaciones van cambiando en forma permanente.<\/p>\n<p style=\"text-align: justify;\">Saludos,<\/p>\n<p style=\"text-align: justify;\">Equipo Directivo.<\/p>\n<p style=\"text-align: justify;\">\n<p style=\"text-align: justify;\">\n","protected":false},"excerpt":{"rendered":"<p>Estimados estudiantes, en vista de la situaci\u00f3n al d\u00eda de hoy con respecto a las medidas de prevenci\u00f3n y debido a que nuestra instituci\u00f3n no puede garantizar las condiciones de higiene porque el personal auxiliar se encuentra en uso de licencia\u00a0 (personas de alto riesgo)\u00a0 vamos a suspender todas las actividades que implique la circulaci\u00f3n &#8230; <a title=\"Situaci\u00f3n al d\u00eda de hoy\" class=\"read-more\" href=\"https:\/\/isfd106-bue.infd.edu.ar\/sitio\/situacion-al-dia-de-hoy\/\" aria-label=\"More on Situaci\u00f3n al d\u00eda de hoy\">[+]<\/a><\/p>\n","protected":false},"author":386,"featured_media":0,"comment_status":"closed","ping_status":"open","sticky":false,"template":"","format":"standard","meta":[],"categories":[7],"tags":[],"acf":[],"_links":{"self":[{"href":"https:\/\/isfd106-bue.infd.edu.ar\/sitio\/wp-json\/wp\/v2\/posts\/1221"}],"collection":[{"href":"https:\/\/isfd106-bue.infd.edu.ar\/sitio\/wp-json\/wp\/v2\/posts"}],"about":[{"href":"https:\/\/isfd106-bue.infd.edu.ar\/sitio\/wp-json\/wp\/v2\/types\/post"}],"author":[{"embeddable":true,"href":"https:\/\/isfd106-bue.infd.edu.ar\/sitio\/wp-json\/wp\/v2\/users\/386"}],"replies":[{"embeddable":true,"href":"https:\/\/isfd106-bue.infd.edu.ar\/sitio\/wp-json\/wp\/v2\/comments?post=1221"}],"version-history":[{"count":1,"href":"https:\/\/isfd106-bue.infd.edu.ar\/sitio\/wp-json\/wp\/v2\/posts\/1221\/revisions"}],"predecessor-version":[{"id":1222,"href":"https:\/\/isfd106-bue.infd.edu.ar\/sitio\/wp-json\/wp\/v2\/posts\/1221\/revisions\/1222"}],"wp:attachment":[{"href":"https:\/\/isfd106-bue.infd.edu.ar\/sitio\/wp-json\/wp\/v2\/media?parent=1221"}],"wp:term":[{"taxonomy":"category","embeddable":true,"href":"https:\/\/isfd106-bue.infd.edu.ar\/sitio\/wp-json\/wp\/v2\/categories?post=1221"},{"taxonomy":"post_tag","embeddable":true,"href":"https:\/\/isfd106-bue.infd.edu.ar\/sitio\/wp-json\/wp\/v2\/tags?post=1221"}],"curies":[{"name":"wp","href":"https:\/\/api.w.org\/{rel}","templated":true}]}}