{"id":1219,"date":"2020-03-16T13:16:07","date_gmt":"2020-03-16T16:16:07","guid":{"rendered":"https:\/\/isfd106-bue.infd.edu.ar\/sitio\/?p=1219"},"modified":"2020-12-18T09:24:16","modified_gmt":"2020-12-18T12:24:16","slug":"reprogramacion-de-actividades-institucionales","status":"publish","type":"post","link":"https:\/\/isfd106-bue.infd.edu.ar\/sitio\/reprogramacion-de-actividades-institucionales\/","title":{"rendered":"Reprogramaci\u00f3n de actividades Institucionales"},"content":{"rendered":"<p><strong>Reprogramaci\u00f3n de actividades Institucionales<\/strong><\/p>\n<p>El Equipo directivo informa la reorganizaci\u00f3n de actividades institucionales. Sugerimos agendar las mismas. Podr\u00e1n ser modificadas, si las autoridades nacionales y provinciales indicasen nuevos cambios.<\/p>\n<p>Recordamos el sitio Institucional: <a href=\"https:\/\/isfd106-bue.infd.edu.ar\/sitio\/\">https:\/\/isfd106-bue.infd.edu.ar\/sitio\/<\/a>\u00a0 y FB: ISFD N\u00b0 106: Escuela Normal Superior Almafuerte.<\/p>\n<ul>\n<li><strong>Mesas de ex\u00e1menes<\/strong>: se reprograman para los d\u00edas: del 6 al 8 de abril, en los mismos horarios informados.<\/li>\n<li><strong>Presentaci\u00f3n constancia inscripci\u00f3n de Progresar<\/strong>: La presentaci\u00f3n de planilla a Secretar\u00eda, se realizar\u00e1 LUEGO del reinicio de clases (Abril). Lo que deben realizar antes del 31\/3 es la inscripci\u00f3n on line como se indic\u00f3 en su momento.<\/li>\n<li><strong>Inscripciones a 3\u00b0 a\u00f1o Biolog\u00eda, F\u00edsica o Qu\u00edmica<\/strong>: Se dar\u00e1n las indicaciones para su realizaci\u00f3n on line. La presentaci\u00f3n de carpeta y documentaci\u00f3n solicitada ser\u00e1 en la primera semana del mes de abril.<\/li>\n<li><strong>Equivalencias<\/strong>: Se recibir\u00e1n los folios completos los d\u00edas: jueves 19\/3: 9 a 11 hs. y viernes 20\/3: 18 a 20 hs.<\/li>\n<li><strong>Taller Inicial para ingresantes<\/strong>: Se organizar\u00e1n clases virtuales a partir del 20\/3, en breve se ampliar\u00e1 la informaci\u00f3n.<\/li>\n<li><strong>Equivalencias carrera Matem\u00e1tica por cambio de plan<\/strong>: se realizar\u00e1n los mismos d\u00edas que fueron publicados, en el horario de 9 a 11 hs por la ma\u00f1ana, y de 18 a 20 hs. en vespertino.<\/li>\n<li><strong>Inscripci\u00f3n a materias<\/strong>: 2\u00b0 a 4\u00b0 a\u00f1o y Recursantes de 1\u00b0 a\u00f1o: se pasa del 25\/3 al 03\/4 inscripci\u00f3n on line.<\/li>\n<li><strong>Mesa de examen Materia completa carrera<\/strong>: primera semana del mes de abril, se informar\u00e1 d\u00eda.<\/li>\n<li><strong>Egresos<\/strong>: la documentaci\u00f3n de Pase puede retirarse por Secretar\u00eda en los horarios informados.<\/li>\n<li><strong>Cambios de turnos solicitados<\/strong>: se informar\u00e1 lo resuelto en esta semana, v\u00eda sitio institucional, para que puedan inscribirse a materias en el curso asignado.<\/li>\n<li><strong>Pases: de Ingreso<\/strong>. Esta semana iremos dando respuesta a cada uno, indicando d\u00eda y horario que tendr\u00e1n que acercarse a buscar el pedido de Pase.<\/li>\n<\/ul>\n<p>&nbsp;<\/p>\n<p>Nuestro horario de atenci\u00f3n ser\u00e1 de 9 a 11 hs. y de 18 a 20 hs. indicando que asistan \u00fanicamente para lo citado, evitando permanecer en el instituto, por cuidado de todos.<\/p>\n<p>La fotocopiadora estar\u00e1 abierta \u00fanicamente de L a V de 18 a 19 hs.<\/p>\n<p style=\"text-align: right;\">Seguiremos informando por este medio.<\/p>\n<p style=\"text-align: right;\">Saludos cordiales,<\/p>\n<p style=\"text-align: right;\">Equipo Directivo<\/p>\n<p style=\"text-align: right;\">\n","protected":false},"excerpt":{"rendered":"<p>Reprogramaci\u00f3n de actividades Institucionales El Equipo directivo informa la reorganizaci\u00f3n de actividades institucionales. Sugerimos agendar las mismas. Podr\u00e1n ser modificadas, si las autoridades nacionales y provinciales indicasen nuevos cambios. Recordamos el sitio Institucional: https:\/\/isfd106-bue.infd.edu.ar\/sitio\/\u00a0 y FB: ISFD N\u00b0 106: Escuela Normal Superior Almafuerte. Mesas de ex\u00e1menes: se reprograman para los d\u00edas: del 6 al 8 &#8230; <a title=\"Reprogramaci\u00f3n de actividades Institucionales\" class=\"read-more\" href=\"https:\/\/isfd106-bue.infd.edu.ar\/sitio\/reprogramacion-de-actividades-institucionales\/\" aria-label=\"More on Reprogramaci\u00f3n de actividades Institucionales\">[+]<\/a><\/p>\n","protected":false},"author":386,"featured_media":0,"comment_status":"closed","ping_status":"open","sticky":false,"template":"","format":"standard","meta":[],"categories":[7],"tags":[],"acf":[],"_links":{"self":[{"href":"https:\/\/isfd106-bue.infd.edu.ar\/sitio\/wp-json\/wp\/v2\/posts\/1219"}],"collection":[{"href":"https:\/\/isfd106-bue.infd.edu.ar\/sitio\/wp-json\/wp\/v2\/posts"}],"about":[{"href":"https:\/\/isfd106-bue.infd.edu.ar\/sitio\/wp-json\/wp\/v2\/types\/post"}],"author":[{"embeddable":true,"href":"https:\/\/isfd106-bue.infd.edu.ar\/sitio\/wp-json\/wp\/v2\/users\/386"}],"replies":[{"embeddable":true,"href":"https:\/\/isfd106-bue.infd.edu.ar\/sitio\/wp-json\/wp\/v2\/comments?post=1219"}],"version-history":[{"count":1,"href":"https:\/\/isfd106-bue.infd.edu.ar\/sitio\/wp-json\/wp\/v2\/posts\/1219\/revisions"}],"predecessor-version":[{"id":1220,"href":"https:\/\/isfd106-bue.infd.edu.ar\/sitio\/wp-json\/wp\/v2\/posts\/1219\/revisions\/1220"}],"wp:attachment":[{"href":"https:\/\/isfd106-bue.infd.edu.ar\/sitio\/wp-json\/wp\/v2\/media?parent=1219"}],"wp:term":[{"taxonomy":"category","embeddable":true,"href":"https:\/\/isfd106-bue.infd.edu.ar\/sitio\/wp-json\/wp\/v2\/categories?post=1219"},{"taxonomy":"post_tag","embeddable":true,"href":"https:\/\/isfd106-bue.infd.edu.ar\/sitio\/wp-json\/wp\/v2\/tags?post=1219"}],"curies":[{"name":"wp","href":"https:\/\/api.w.org\/{rel}","templated":true}]}}